{"id":1053,"date":"2019-03-31T10:43:08","date_gmt":"2019-03-31T08:43:08","guid":{"rendered":"http:\/\/www.ecolegabrieldeshayes.fr\/blog\/?p=1053"},"modified":"2019-03-31T10:43:08","modified_gmt":"2019-03-31T08:43:08","slug":"carnaval-en-ps-ms","status":"publish","type":"post","link":"https:\/\/www.ecolegabrieldeshayes.fr\/blog\/?p=1053","title":{"rendered":"Carnaval en PS\/MS"},"content":{"rendered":"\n<p>Les \u00e9l\u00e8ves de PS\/MS \u00e9taient enchant\u00e9s de venir d\u00e9guis\u00e9s \u00e0 l&rsquo;\u00e9cole. <br>Le d\u00e9fil\u00e9 a eu lieu sous un beau soleil. Ce fut une belle journ\u00e9e.<\/p>\n\n\n\n<figure class=\"wp-block-image\"><img loading=\"lazy\" decoding=\"async\" width=\"1024\" height=\"768\" src=\"https:\/\/www.ecolegabrieldeshayes.fr\/blog\/wp-content\/uploads\/P1210001-Personnalis\u00e9-1024x768.jpg\" alt=\"\" class=\"wp-image-1054\" srcset=\"https:\/\/www.ecolegabrieldeshayes.fr\/blog\/wp-content\/uploads\/P1210001-Personnalis\u00e9.jpg 1024w, https:\/\/www.ecolegabrieldeshayes.fr\/blog\/wp-content\/uploads\/P1210001-Personnalis\u00e9-300x225.jpg 300w, https:\/\/www.ecolegabrieldeshayes.fr\/blog\/wp-content\/uploads\/P1210001-Personnalis\u00e9-768x576.jpg 768w\" sizes=\"auto, (max-width: 767px) 89vw, (max-width: 1000px) 54vw, (max-width: 1071px) 543px, 580px\" \/><\/figure>\n\n\n\n<p>La d\u00e9gustation de cr\u00eapes a remport\u00e9 un franc succ\u00e8s. Merci aux membres de l&rsquo;APEL qui les ont confectionn\u00e9es.<\/p>\n\n\n\n<p>Photos du carnaval <a href=\"https:\/\/photos.app.goo.gl\/pUdipqZJrNBNgZDj8\">https:\/\/photos.app.goo.gl\/pUdipqZJrNBNgZDj8<\/a><\/p>\n","protected":false},"excerpt":{"rendered":"<p>Les \u00e9l\u00e8ves de PS\/MS \u00e9taient enchant\u00e9s de venir d\u00e9guis\u00e9s \u00e0 l&rsquo;\u00e9cole. Le d\u00e9fil\u00e9 a eu lieu sous un beau soleil. Ce fut une belle journ\u00e9e. La d\u00e9gustation de cr\u00eapes a remport\u00e9 un franc succ\u00e8s. Merci aux membres de l&rsquo;APEL qui les ont confectionn\u00e9es. Photos du carnaval https:\/\/photos.app.goo.gl\/pUdipqZJrNBNgZDj8<\/p>\n","protected":false},"author":5,"featured_media":0,"comment_status":"closed","ping_status":"open","sticky":false,"template":"","format":"standard","meta":{"footnotes":""},"categories":[5],"tags":[],"class_list":["post-1053","post","type-post","status-publish","format-standard","hentry","category-cycle-1"],"_links":{"self":[{"href":"https:\/\/www.ecolegabrieldeshayes.fr\/blog\/index.php?rest_route=\/wp\/v2\/posts\/1053","targetHints":{"allow":["GET"]}}],"collection":[{"href":"https:\/\/www.ecolegabrieldeshayes.fr\/blog\/index.php?rest_route=\/wp\/v2\/posts"}],"about":[{"href":"https:\/\/www.ecolegabrieldeshayes.fr\/blog\/index.php?rest_route=\/wp\/v2\/types\/post"}],"author":[{"embeddable":true,"href":"https:\/\/www.ecolegabrieldeshayes.fr\/blog\/index.php?rest_route=\/wp\/v2\/users\/5"}],"replies":[{"embeddable":true,"href":"https:\/\/www.ecolegabrieldeshayes.fr\/blog\/index.php?rest_route=%2Fwp%2Fv2%2Fcomments&post=1053"}],"version-history":[{"count":1,"href":"https:\/\/www.ecolegabrieldeshayes.fr\/blog\/index.php?rest_route=\/wp\/v2\/posts\/1053\/revisions"}],"predecessor-version":[{"id":1055,"href":"https:\/\/www.ecolegabrieldeshayes.fr\/blog\/index.php?rest_route=\/wp\/v2\/posts\/1053\/revisions\/1055"}],"wp:attachment":[{"href":"https:\/\/www.ecolegabrieldeshayes.fr\/blog\/index.php?rest_route=%2Fwp%2Fv2%2Fmedia&parent=1053"}],"wp:term":[{"taxonomy":"category","embeddable":true,"href":"https:\/\/www.ecolegabrieldeshayes.fr\/blog\/index.php?rest_route=%2Fwp%2Fv2%2Fcategories&post=1053"},{"taxonomy":"post_tag","embeddable":true,"href":"https:\/\/www.ecolegabrieldeshayes.fr\/blog\/index.php?rest_route=%2Fwp%2Fv2%2Ftags&post=1053"}],"curies":[{"name":"wp","href":"https:\/\/api.w.org\/{rel}","templated":true}]}}