{"id":1345,"date":"2019-06-25T16:46:41","date_gmt":"2019-06-25T14:46:41","guid":{"rendered":"http:\/\/www.ecolegabrieldeshayes.fr\/blog\/?p=1345"},"modified":"2019-06-25T16:47:05","modified_gmt":"2019-06-25T14:47:05","slug":"les-cm1-cm2-decouvrent-auray-dans-la-revolution","status":"publish","type":"post","link":"https:\/\/www.ecolegabrieldeshayes.fr\/blog\/?p=1345","title":{"rendered":"Les CM1-CM2 d\u00e9couvrent Auray dans la R\u00e9volution"},"content":{"rendered":"\n<p> <\/p>\n\n\n\n<p>Ce mardi 25 juin, les CM1-CM2 ont \nparticip\u00e9 \u00e0 un atelier du patrimoine de la ville d&rsquo;Auray sur le th\u00e8me : \n\u00ab\u00a0Auray au temps de la R\u00e9volution\u00a0\u00bb.<br><\/p>\n\n\n\n<div class=\"wp-block-image\"><figure class=\"aligncenter is-resized\"><img loading=\"lazy\" decoding=\"async\" src=\"https:\/\/www.ecolegabrieldeshayes.fr\/blog\/wp-content\/uploads\/20190625_151745-1-e1561473857699-576x1024.jpg\" alt=\"\" class=\"wp-image-1347\" width=\"284\" height=\"504\" srcset=\"https:\/\/www.ecolegabrieldeshayes.fr\/blog\/wp-content\/uploads\/20190625_151745-1-e1561473857699-576x1024.jpg 576w, https:\/\/www.ecolegabrieldeshayes.fr\/blog\/wp-content\/uploads\/20190625_151745-1-e1561473857699-169x300.jpg 169w, https:\/\/www.ecolegabrieldeshayes.fr\/blog\/wp-content\/uploads\/20190625_151745-1-e1561473857699.jpg 633w\" sizes=\"auto, (max-width: 284px) 100vw, 284px\" \/><\/figure><\/div>\n\n\n\n<p>Apr\u00e8s avoir rappel\u00e9 le contexte historique, les \u00e9l\u00e8ves ont pu d\u00e9couvrir la vie \u00e0 Auray au cours de la p\u00e9riode r\u00e9volutionnaire : les dol\u00e9ances des habitants, le blason d&rsquo;Auray et les personnages et monuments importants. <\/p>\n\n\n\n<p>Par petits groupes de 4-5, ils ont pu participer \u00e0 un escape game dans les cellules de la prison d&rsquo;Auray.<br>L\u2019apr\u00e8s-midi fut consacr\u00e9e \u00e0 la Contre-R\u00e9volution : Chouannerie, personnage de Georges Cadoudal, Affaire de<br>Quiberon. Un parcours en ville a conduit les \u00e9l\u00e8ves \u00e0 la chapelle de la Congr\u00e9gation (tribunal r\u00e9volutionnaire), \u00e0 l\u2019\u00e9glise  Saint-Gildas (transform\u00e9e en prison) puis au mausol\u00e9e de Georges  Cadoudal o\u00f9 s&rsquo;est termin\u00e9e cette belle journ\u00e9e charg\u00e9e d&rsquo;histoire. <\/p>\n\n\n\n<p class=\"has-medium-font-size\">Les photos :<a href=\"https:\/\/photos.app.goo.gl\/1B5LnUpzq6Ef6Cc98\"> ici<\/a><\/p>\n","protected":false},"excerpt":{"rendered":"<p>Ce mardi 25 juin, les CM1-CM2 ont particip\u00e9 \u00e0 un atelier du patrimoine de la ville d&rsquo;Auray sur le th\u00e8me : \u00ab\u00a0Auray au temps de la R\u00e9volution\u00a0\u00bb. Apr\u00e8s avoir rappel\u00e9 le contexte historique, les \u00e9l\u00e8ves ont pu d\u00e9couvrir la vie \u00e0 Auray au cours de la p\u00e9riode r\u00e9volutionnaire : les dol\u00e9ances des habitants, le blason &hellip; <\/p>\n<p class=\"link-more\"><a href=\"https:\/\/www.ecolegabrieldeshayes.fr\/blog\/?p=1345\" class=\"more-link\">Continuer la lecture<span class=\"screen-reader-text\"> de &laquo;&nbsp;Les CM1-CM2 d\u00e9couvrent Auray dans la R\u00e9volution&nbsp;&raquo;<\/span><\/a><\/p>\n","protected":false},"author":6,"featured_media":0,"comment_status":"closed","ping_status":"open","sticky":false,"template":"","format":"standard","meta":{"footnotes":""},"categories":[7],"tags":[],"class_list":["post-1345","post","type-post","status-publish","format-standard","hentry","category-cycle-3"],"_links":{"self":[{"href":"https:\/\/www.ecolegabrieldeshayes.fr\/blog\/index.php?rest_route=\/wp\/v2\/posts\/1345","targetHints":{"allow":["GET"]}}],"collection":[{"href":"https:\/\/www.ecolegabrieldeshayes.fr\/blog\/index.php?rest_route=\/wp\/v2\/posts"}],"about":[{"href":"https:\/\/www.ecolegabrieldeshayes.fr\/blog\/index.php?rest_route=\/wp\/v2\/types\/post"}],"author":[{"embeddable":true,"href":"https:\/\/www.ecolegabrieldeshayes.fr\/blog\/index.php?rest_route=\/wp\/v2\/users\/6"}],"replies":[{"embeddable":true,"href":"https:\/\/www.ecolegabrieldeshayes.fr\/blog\/index.php?rest_route=%2Fwp%2Fv2%2Fcomments&post=1345"}],"version-history":[{"count":1,"href":"https:\/\/www.ecolegabrieldeshayes.fr\/blog\/index.php?rest_route=\/wp\/v2\/posts\/1345\/revisions"}],"predecessor-version":[{"id":1348,"href":"https:\/\/www.ecolegabrieldeshayes.fr\/blog\/index.php?rest_route=\/wp\/v2\/posts\/1345\/revisions\/1348"}],"wp:attachment":[{"href":"https:\/\/www.ecolegabrieldeshayes.fr\/blog\/index.php?rest_route=%2Fwp%2Fv2%2Fmedia&parent=1345"}],"wp:term":[{"taxonomy":"category","embeddable":true,"href":"https:\/\/www.ecolegabrieldeshayes.fr\/blog\/index.php?rest_route=%2Fwp%2Fv2%2Fcategories&post=1345"},{"taxonomy":"post_tag","embeddable":true,"href":"https:\/\/www.ecolegabrieldeshayes.fr\/blog\/index.php?rest_route=%2Fwp%2Fv2%2Ftags&post=1345"}],"curies":[{"name":"wp","href":"https:\/\/api.w.org\/{rel}","templated":true}]}}