{"id":1353,"date":"2019-06-27T22:00:55","date_gmt":"2019-06-27T20:00:55","guid":{"rendered":"http:\/\/www.ecolegabrieldeshayes.fr\/blog\/?p=1353"},"modified":"2019-06-27T22:00:55","modified_gmt":"2019-06-27T20:00:55","slug":"classe-de-voile-ce2-jour-3","status":"publish","type":"post","link":"https:\/\/www.ecolegabrieldeshayes.fr\/blog\/?p=1353","title":{"rendered":"Classe de voile CE2 &#8211; Jour 3"},"content":{"rendered":"\n<figure class=\"wp-block-image is-resized\"><img loading=\"lazy\" decoding=\"async\" src=\"https:\/\/www.ecolegabrieldeshayes.fr\/blog\/wp-content\/uploads\/IMG_8479-Copier.jpg\" alt=\"\" class=\"wp-image-1354\" width=\"252\" height=\"336\" srcset=\"https:\/\/www.ecolegabrieldeshayes.fr\/blog\/wp-content\/uploads\/IMG_8479-Copier.jpg 450w, https:\/\/www.ecolegabrieldeshayes.fr\/blog\/wp-content\/uploads\/IMG_8479-Copier-225x300.jpg 225w\" sizes=\"auto, (max-width: 252px) 100vw, 252px\" \/><\/figure>\n\n\n\n<p>D\u00e9couverte de l&rsquo;estran, p\u00eache \u00e0 pied, et 3\u00e8me s\u00e9ance de voile avec du soleil et du vent!<\/p>\n\n\n\n<p><a href=\"https:\/\/photos.app.goo.gl\/3uVdVDPPVQzJNZh56\">Photos jour 3<\/a><\/p>\n","protected":false},"excerpt":{"rendered":"<p>D\u00e9couverte de l&rsquo;estran, p\u00eache \u00e0 pied, et 3\u00e8me s\u00e9ance de voile avec du soleil et du vent! Photos jour 3<\/p>\n","protected":false},"author":4,"featured_media":0,"comment_status":"closed","ping_status":"open","sticky":false,"template":"","format":"standard","meta":{"footnotes":""},"categories":[6],"tags":[],"class_list":["post-1353","post","type-post","status-publish","format-standard","hentry","category-cycle-2"],"_links":{"self":[{"href":"https:\/\/www.ecolegabrieldeshayes.fr\/blog\/index.php?rest_route=\/wp\/v2\/posts\/1353","targetHints":{"allow":["GET"]}}],"collection":[{"href":"https:\/\/www.ecolegabrieldeshayes.fr\/blog\/index.php?rest_route=\/wp\/v2\/posts"}],"about":[{"href":"https:\/\/www.ecolegabrieldeshayes.fr\/blog\/index.php?rest_route=\/wp\/v2\/types\/post"}],"author":[{"embeddable":true,"href":"https:\/\/www.ecolegabrieldeshayes.fr\/blog\/index.php?rest_route=\/wp\/v2\/users\/4"}],"replies":[{"embeddable":true,"href":"https:\/\/www.ecolegabrieldeshayes.fr\/blog\/index.php?rest_route=%2Fwp%2Fv2%2Fcomments&post=1353"}],"version-history":[{"count":1,"href":"https:\/\/www.ecolegabrieldeshayes.fr\/blog\/index.php?rest_route=\/wp\/v2\/posts\/1353\/revisions"}],"predecessor-version":[{"id":1355,"href":"https:\/\/www.ecolegabrieldeshayes.fr\/blog\/index.php?rest_route=\/wp\/v2\/posts\/1353\/revisions\/1355"}],"wp:attachment":[{"href":"https:\/\/www.ecolegabrieldeshayes.fr\/blog\/index.php?rest_route=%2Fwp%2Fv2%2Fmedia&parent=1353"}],"wp:term":[{"taxonomy":"category","embeddable":true,"href":"https:\/\/www.ecolegabrieldeshayes.fr\/blog\/index.php?rest_route=%2Fwp%2Fv2%2Fcategories&post=1353"},{"taxonomy":"post_tag","embeddable":true,"href":"https:\/\/www.ecolegabrieldeshayes.fr\/blog\/index.php?rest_route=%2Fwp%2Fv2%2Ftags&post=1353"}],"curies":[{"name":"wp","href":"https:\/\/api.w.org\/{rel}","templated":true}]}}