{"id":1356,"date":"2019-06-28T22:24:41","date_gmt":"2019-06-28T20:24:41","guid":{"rendered":"http:\/\/www.ecolegabrieldeshayes.fr\/blog\/?p=1356"},"modified":"2019-06-28T22:24:41","modified_gmt":"2019-06-28T20:24:41","slug":"classe-de-voile-jour-4","status":"publish","type":"post","link":"https:\/\/www.ecolegabrieldeshayes.fr\/blog\/?p=1356","title":{"rendered":"Classe de voile &#8211; jour 4"},"content":{"rendered":"\n<figure class=\"wp-block-image is-resized\"><img loading=\"lazy\" decoding=\"async\" src=\"https:\/\/www.ecolegabrieldeshayes.fr\/blog\/wp-content\/uploads\/IMG_8567-Copier.jpg\" alt=\"\" class=\"wp-image-1357\" width=\"256\" height=\"341\" srcset=\"https:\/\/www.ecolegabrieldeshayes.fr\/blog\/wp-content\/uploads\/IMG_8567-Copier.jpg 450w, https:\/\/www.ecolegabrieldeshayes.fr\/blog\/wp-content\/uploads\/IMG_8567-Copier-225x300.jpg 225w\" sizes=\"auto, (max-width: 256px) 100vw, 256px\" \/><\/figure>\n\n\n\n<p>Visite de la vedette de la SNSM \u00e0 la Trinit\u00e9-Sur-Mer et jeux aquatiques l&rsquo;apr\u00e8s-midi: kayak, jumbo, sauvetage en mer&#8230;<\/p>\n\n\n\n<p><a href=\"https:\/\/photos.app.goo.gl\/dJhUsXfGvWWXQUqq8\">Photos du vendredi<\/a><\/p>\n\n\n\n<p><\/p>\n\n\n\n<figure class=\"wp-block-image is-resized\"><img loading=\"lazy\" decoding=\"async\" src=\"https:\/\/www.ecolegabrieldeshayes.fr\/blog\/wp-content\/uploads\/IMG_8673-Copier.jpg\" alt=\"\" class=\"wp-image-1358\" width=\"237\" height=\"316\" srcset=\"https:\/\/www.ecolegabrieldeshayes.fr\/blog\/wp-content\/uploads\/IMG_8673-Copier.jpg 450w, https:\/\/www.ecolegabrieldeshayes.fr\/blog\/wp-content\/uploads\/IMG_8673-Copier-225x300.jpg 225w\" sizes=\"auto, (max-width: 237px) 100vw, 237px\" \/><\/figure>\n\n\n\n<p>Une super semaine de voile qui a commenc\u00e9 par la pluie et s&rsquo;est termin\u00e9e avec le soleil, la chaleur et le vent!<\/p>\n","protected":false},"excerpt":{"rendered":"<p>Visite de la vedette de la SNSM \u00e0 la Trinit\u00e9-Sur-Mer et jeux aquatiques l&rsquo;apr\u00e8s-midi: kayak, jumbo, sauvetage en mer&#8230; Photos du vendredi Une super semaine de voile qui a commenc\u00e9 par la pluie et s&rsquo;est termin\u00e9e avec le soleil, la chaleur et le vent!<\/p>\n","protected":false},"author":4,"featured_media":0,"comment_status":"closed","ping_status":"open","sticky":false,"template":"","format":"standard","meta":{"footnotes":""},"categories":[6],"tags":[],"class_list":["post-1356","post","type-post","status-publish","format-standard","hentry","category-cycle-2"],"_links":{"self":[{"href":"https:\/\/www.ecolegabrieldeshayes.fr\/blog\/index.php?rest_route=\/wp\/v2\/posts\/1356","targetHints":{"allow":["GET"]}}],"collection":[{"href":"https:\/\/www.ecolegabrieldeshayes.fr\/blog\/index.php?rest_route=\/wp\/v2\/posts"}],"about":[{"href":"https:\/\/www.ecolegabrieldeshayes.fr\/blog\/index.php?rest_route=\/wp\/v2\/types\/post"}],"author":[{"embeddable":true,"href":"https:\/\/www.ecolegabrieldeshayes.fr\/blog\/index.php?rest_route=\/wp\/v2\/users\/4"}],"replies":[{"embeddable":true,"href":"https:\/\/www.ecolegabrieldeshayes.fr\/blog\/index.php?rest_route=%2Fwp%2Fv2%2Fcomments&post=1356"}],"version-history":[{"count":1,"href":"https:\/\/www.ecolegabrieldeshayes.fr\/blog\/index.php?rest_route=\/wp\/v2\/posts\/1356\/revisions"}],"predecessor-version":[{"id":1359,"href":"https:\/\/www.ecolegabrieldeshayes.fr\/blog\/index.php?rest_route=\/wp\/v2\/posts\/1356\/revisions\/1359"}],"wp:attachment":[{"href":"https:\/\/www.ecolegabrieldeshayes.fr\/blog\/index.php?rest_route=%2Fwp%2Fv2%2Fmedia&parent=1356"}],"wp:term":[{"taxonomy":"category","embeddable":true,"href":"https:\/\/www.ecolegabrieldeshayes.fr\/blog\/index.php?rest_route=%2Fwp%2Fv2%2Fcategories&post=1356"},{"taxonomy":"post_tag","embeddable":true,"href":"https:\/\/www.ecolegabrieldeshayes.fr\/blog\/index.php?rest_route=%2Fwp%2Fv2%2Ftags&post=1356"}],"curies":[{"name":"wp","href":"https:\/\/api.w.org\/{rel}","templated":true}]}}