{"id":1377,"date":"2019-09-15T10:14:22","date_gmt":"2019-09-15T08:14:22","guid":{"rendered":"http:\/\/www.ecolegabrieldeshayes.fr\/blog\/?p=1377"},"modified":"2019-09-18T20:08:23","modified_gmt":"2019-09-18T18:08:23","slug":"handball-cm","status":"publish","type":"post","link":"https:\/\/www.ecolegabrieldeshayes.fr\/blog\/?p=1377","title":{"rendered":"Handball CM"},"content":{"rendered":"\n<p>Depuis le 5 septembre, les cours de handball ont repris pour les \u00e9l\u00e8ves de CM. Ils sont dispens\u00e9s par J\u00e9r\u00f4me Courvalet, entra\u00eeneur au PAHB.  Apr\u00e8s des exercices d&rsquo;\u00e9chauffement, place aux matchs ! <\/p>\n\n\n\n<p><a href=\"https:\/\/photos.app.goo.gl\/NUVngfzRJT75qQPC6\">Handball CM2<\/a><\/p>\n\n\n\n<p><a href=\"https:\/\/photos.app.goo.gl\/8LarwM5p5P7qi5Nz7\">Handball CM1-CM2<\/a><\/p>\n\n\n\n<p><a href=\"https:\/\/photos.app.goo.gl\/3KhrmhpiFKCbtmzq6\">Handball CM1<\/a><\/p>\n\n\n\n<figure class=\"wp-block-image\"><img loading=\"lazy\" decoding=\"async\" width=\"225\" height=\"225\" src=\"https:\/\/www.ecolegabrieldeshayes.fr\/blog\/wp-content\/uploads\/HAND.png\" alt=\"\" class=\"wp-image-1379\" srcset=\"https:\/\/www.ecolegabrieldeshayes.fr\/blog\/wp-content\/uploads\/HAND.png 225w, https:\/\/www.ecolegabrieldeshayes.fr\/blog\/wp-content\/uploads\/HAND-150x150.png 150w, https:\/\/www.ecolegabrieldeshayes.fr\/blog\/wp-content\/uploads\/HAND-100x100.png 100w\" sizes=\"auto, (max-width: 225px) 100vw, 225px\" \/><\/figure>\n","protected":false},"excerpt":{"rendered":"<p>Depuis le 5 septembre, les cours de handball ont repris pour les \u00e9l\u00e8ves de CM. Ils sont dispens\u00e9s par J\u00e9r\u00f4me Courvalet, entra\u00eeneur au PAHB. Apr\u00e8s des exercices d&rsquo;\u00e9chauffement, place aux matchs ! Handball CM2 Handball CM1-CM2 Handball CM1<\/p>\n","protected":false},"author":10,"featured_media":0,"comment_status":"closed","ping_status":"open","sticky":false,"template":"","format":"standard","meta":{"footnotes":""},"categories":[7],"tags":[],"class_list":["post-1377","post","type-post","status-publish","format-standard","hentry","category-cycle-3"],"_links":{"self":[{"href":"https:\/\/www.ecolegabrieldeshayes.fr\/blog\/index.php?rest_route=\/wp\/v2\/posts\/1377","targetHints":{"allow":["GET"]}}],"collection":[{"href":"https:\/\/www.ecolegabrieldeshayes.fr\/blog\/index.php?rest_route=\/wp\/v2\/posts"}],"about":[{"href":"https:\/\/www.ecolegabrieldeshayes.fr\/blog\/index.php?rest_route=\/wp\/v2\/types\/post"}],"author":[{"embeddable":true,"href":"https:\/\/www.ecolegabrieldeshayes.fr\/blog\/index.php?rest_route=\/wp\/v2\/users\/10"}],"replies":[{"embeddable":true,"href":"https:\/\/www.ecolegabrieldeshayes.fr\/blog\/index.php?rest_route=%2Fwp%2Fv2%2Fcomments&post=1377"}],"version-history":[{"count":2,"href":"https:\/\/www.ecolegabrieldeshayes.fr\/blog\/index.php?rest_route=\/wp\/v2\/posts\/1377\/revisions"}],"predecessor-version":[{"id":1399,"href":"https:\/\/www.ecolegabrieldeshayes.fr\/blog\/index.php?rest_route=\/wp\/v2\/posts\/1377\/revisions\/1399"}],"wp:attachment":[{"href":"https:\/\/www.ecolegabrieldeshayes.fr\/blog\/index.php?rest_route=%2Fwp%2Fv2%2Fmedia&parent=1377"}],"wp:term":[{"taxonomy":"category","embeddable":true,"href":"https:\/\/www.ecolegabrieldeshayes.fr\/blog\/index.php?rest_route=%2Fwp%2Fv2%2Fcategories&post=1377"},{"taxonomy":"post_tag","embeddable":true,"href":"https:\/\/www.ecolegabrieldeshayes.fr\/blog\/index.php?rest_route=%2Fwp%2Fv2%2Ftags&post=1377"}],"curies":[{"name":"wp","href":"https:\/\/api.w.org\/{rel}","templated":true}]}}