{"id":207,"date":"2018-11-24T15:08:20","date_gmt":"2018-11-24T14:08:20","guid":{"rendered":"http:\/\/www.ecolegabrieldeshayes.fr\/blog\/?p=207"},"modified":"2018-12-17T20:10:21","modified_gmt":"2018-12-17T19:10:21","slug":"classe-de-tps-ps-les-premiers-jours-decole","status":"publish","type":"post","link":"https:\/\/www.ecolegabrieldeshayes.fr\/blog\/?p=207","title":{"rendered":"Classe de TPS-PS : Les premiers jours d&rsquo;\u00e9cole&#8230;"},"content":{"rendered":"<p><span style=\"color: #ff00ff\">Voici les photos des premiers jours d&rsquo;\u00e9cole : pour cette rentr\u00e9e 2018, nous sommes 19 \u00e9l\u00e8ves. Nous avons 2 ma\u00eetresses : Madame Selon le lundi et le mardi et Rolande le jeudi et le vendredi. Emilie, notre pr\u00e9cieuse ASEM, nous aide pour toutes les activit\u00e9s.<\/span><\/p>\n<p><span style=\"color: #ff00ff\">Nous avons d\u00e9couvert les jeux, la p\u00e2te \u00e0 modeler, la salle de motricit\u00e9, la fabrication de beaux colliers&#8230;<\/span><\/p>\n<p><img loading=\"lazy\" decoding=\"async\" class=\"alignnone size-full wp-image-246\" src=\"https:\/\/www.ecolegabrieldeshayes.fr\/blog\/wp-content\/uploads\/20180907_102134.jpg\" alt=\"\" width=\"250\" height=\"188\" \/> <img loading=\"lazy\" decoding=\"async\" class=\"alignnone size-medium wp-image-247\" src=\"https:\/\/www.ecolegabrieldeshayes.fr\/blog\/wp-content\/uploads\/20180907_102134-1.jpg\" alt=\"\" width=\"250\" height=\"188\" \/> <img loading=\"lazy\" decoding=\"async\" class=\"alignnone size-medium wp-image-248\" src=\"https:\/\/www.ecolegabrieldeshayes.fr\/blog\/wp-content\/uploads\/20180907_102236.jpg\" alt=\"\" width=\"250\" height=\"188\" \/> <img loading=\"lazy\" decoding=\"async\" class=\"alignnone size-medium wp-image-249\" src=\"https:\/\/www.ecolegabrieldeshayes.fr\/blog\/wp-content\/uploads\/20180907_102943.jpg\" alt=\"\" width=\"250\" height=\"188\" \/> <img loading=\"lazy\" decoding=\"async\" class=\"alignnone size-medium wp-image-250\" src=\"https:\/\/www.ecolegabrieldeshayes.fr\/blog\/wp-content\/uploads\/20180907_104804.jpg\" alt=\"\" width=\"250\" height=\"188\" \/> <img loading=\"lazy\" decoding=\"async\" class=\"alignnone size-medium wp-image-251\" src=\"https:\/\/www.ecolegabrieldeshayes.fr\/blog\/wp-content\/uploads\/20180907_104808.jpg\" alt=\"\" width=\"250\" height=\"188\" \/> <img loading=\"lazy\" decoding=\"async\" class=\"alignnone size-medium wp-image-252\" src=\"https:\/\/www.ecolegabrieldeshayes.fr\/blog\/wp-content\/uploads\/20180907_104812.jpg\" alt=\"\" width=\"250\" height=\"188\" \/> <img loading=\"lazy\" decoding=\"async\" class=\"alignnone size-medium wp-image-253\" src=\"https:\/\/www.ecolegabrieldeshayes.fr\/blog\/wp-content\/uploads\/20180907_151626.jpg\" alt=\"\" width=\"250\" height=\"188\" \/> <img loading=\"lazy\" decoding=\"async\" class=\"alignnone size-medium wp-image-255\" src=\"https:\/\/www.ecolegabrieldeshayes.fr\/blog\/wp-content\/uploads\/20180924_112034.jpg\" alt=\"\" width=\"250\" height=\"188\" \/> <img loading=\"lazy\" decoding=\"async\" class=\"alignnone size-medium wp-image-256\" src=\"https:\/\/www.ecolegabrieldeshayes.fr\/blog\/wp-content\/uploads\/20180924_112046.jpg\" alt=\"\" width=\"250\" height=\"188\" \/> <img loading=\"lazy\" decoding=\"async\" class=\"alignnone size-medium wp-image-257\" src=\"https:\/\/www.ecolegabrieldeshayes.fr\/blog\/wp-content\/uploads\/20180924_112111.jpg\" alt=\"\" width=\"250\" height=\"188\" \/> <img loading=\"lazy\" decoding=\"async\" class=\"alignnone size-medium wp-image-258\" src=\"https:\/\/www.ecolegabrieldeshayes.fr\/blog\/wp-content\/uploads\/20180924_112119.jpg\" alt=\"\" width=\"250\" height=\"188\" \/> <img loading=\"lazy\" decoding=\"async\" class=\"alignnone size-medium wp-image-259\" src=\"https:\/\/www.ecolegabrieldeshayes.fr\/blog\/wp-content\/uploads\/20180924_112134.jpg\" alt=\"\" width=\"250\" height=\"188\" \/> <img loading=\"lazy\" decoding=\"async\" class=\"alignnone size-medium wp-image-260\" src=\"https:\/\/www.ecolegabrieldeshayes.fr\/blog\/wp-content\/uploads\/20180925_111732.jpg\" alt=\"\" width=\"250\" height=\"188\" \/> <img loading=\"lazy\" decoding=\"async\" class=\"alignnone size-medium wp-image-261\" src=\"https:\/\/www.ecolegabrieldeshayes.fr\/blog\/wp-content\/uploads\/20180925_111736.jpg\" alt=\"\" width=\"250\" height=\"188\" \/> <img loading=\"lazy\" decoding=\"async\" class=\"alignnone size-medium wp-image-262\" src=\"https:\/\/www.ecolegabrieldeshayes.fr\/blog\/wp-content\/uploads\/20180925_111747.jpg\" alt=\"\" width=\"250\" height=\"188\" \/> <img loading=\"lazy\" decoding=\"async\" class=\"alignnone size-medium wp-image-263\" src=\"https:\/\/www.ecolegabrieldeshayes.fr\/blog\/wp-content\/uploads\/20180925_111752.jpg\" alt=\"\" width=\"250\" height=\"188\" \/> <img loading=\"lazy\" decoding=\"async\" class=\"alignnone size-medium wp-image-264\" src=\"https:\/\/www.ecolegabrieldeshayes.fr\/blog\/wp-content\/uploads\/20180925_111754.jpg\" alt=\"\" width=\"250\" height=\"188\" \/> <img loading=\"lazy\" decoding=\"async\" class=\"alignnone size-medium wp-image-265\" src=\"https:\/\/www.ecolegabrieldeshayes.fr\/blog\/wp-content\/uploads\/20180925_111800.jpg\" alt=\"\" width=\"250\" height=\"188\" \/> <img loading=\"lazy\" decoding=\"async\" class=\"alignnone size-medium wp-image-266\" src=\"https:\/\/www.ecolegabrieldeshayes.fr\/blog\/wp-content\/uploads\/20180925_111816.jpg\" alt=\"\" width=\"250\" height=\"188\" \/> <img loading=\"lazy\" decoding=\"async\" class=\"alignnone size-medium wp-image-267\" src=\"https:\/\/www.ecolegabrieldeshayes.fr\/blog\/wp-content\/uploads\/20180925_111832.jpg\" alt=\"\" width=\"250\" height=\"188\" \/> <img loading=\"lazy\" decoding=\"async\" class=\"alignnone size-medium wp-image-268\" src=\"https:\/\/www.ecolegabrieldeshayes.fr\/blog\/wp-content\/uploads\/20180925_112958.jpg\" alt=\"\" width=\"250\" height=\"188\" \/><\/p>\n<p>&nbsp;<\/p>\n<p>&nbsp;<\/p>\n","protected":false},"excerpt":{"rendered":"<p>Voici les photos des premiers jours d&rsquo;\u00e9cole : pour cette rentr\u00e9e 2018, nous sommes 19 \u00e9l\u00e8ves. Nous avons 2 ma\u00eetresses : Madame Selon le lundi et le mardi et Rolande le jeudi et le vendredi. Emilie, notre pr\u00e9cieuse ASEM, nous aide pour toutes les activit\u00e9s. Nous avons d\u00e9couvert les jeux, la p\u00e2te \u00e0 modeler, la &hellip; <\/p>\n<p class=\"link-more\"><a href=\"https:\/\/www.ecolegabrieldeshayes.fr\/blog\/?p=207\" class=\"more-link\">Continuer la lecture<span class=\"screen-reader-text\"> de &laquo;&nbsp;Classe de TPS-PS : Les premiers jours d&rsquo;\u00e9cole&#8230;&nbsp;&raquo;<\/span><\/a><\/p>\n","protected":false},"author":11,"featured_media":0,"comment_status":"closed","ping_status":"open","sticky":false,"template":"","format":"standard","meta":{"footnotes":""},"categories":[5],"tags":[],"class_list":["post-207","post","type-post","status-publish","format-standard","hentry","category-cycle-1"],"_links":{"self":[{"href":"https:\/\/www.ecolegabrieldeshayes.fr\/blog\/index.php?rest_route=\/wp\/v2\/posts\/207","targetHints":{"allow":["GET"]}}],"collection":[{"href":"https:\/\/www.ecolegabrieldeshayes.fr\/blog\/index.php?rest_route=\/wp\/v2\/posts"}],"about":[{"href":"https:\/\/www.ecolegabrieldeshayes.fr\/blog\/index.php?rest_route=\/wp\/v2\/types\/post"}],"author":[{"embeddable":true,"href":"https:\/\/www.ecolegabrieldeshayes.fr\/blog\/index.php?rest_route=\/wp\/v2\/users\/11"}],"replies":[{"embeddable":true,"href":"https:\/\/www.ecolegabrieldeshayes.fr\/blog\/index.php?rest_route=%2Fwp%2Fv2%2Fcomments&post=207"}],"version-history":[{"count":2,"href":"https:\/\/www.ecolegabrieldeshayes.fr\/blog\/index.php?rest_route=\/wp\/v2\/posts\/207\/revisions"}],"predecessor-version":[{"id":270,"href":"https:\/\/www.ecolegabrieldeshayes.fr\/blog\/index.php?rest_route=\/wp\/v2\/posts\/207\/revisions\/270"}],"wp:attachment":[{"href":"https:\/\/www.ecolegabrieldeshayes.fr\/blog\/index.php?rest_route=%2Fwp%2Fv2%2Fmedia&parent=207"}],"wp:term":[{"taxonomy":"category","embeddable":true,"href":"https:\/\/www.ecolegabrieldeshayes.fr\/blog\/index.php?rest_route=%2Fwp%2Fv2%2Fcategories&post=207"},{"taxonomy":"post_tag","embeddable":true,"href":"https:\/\/www.ecolegabrieldeshayes.fr\/blog\/index.php?rest_route=%2Fwp%2Fv2%2Ftags&post=207"}],"curies":[{"name":"wp","href":"https:\/\/api.w.org\/{rel}","templated":true}]}}