{"id":209,"date":"2018-11-24T15:18:40","date_gmt":"2018-11-24T14:18:40","guid":{"rendered":"http:\/\/www.ecolegabrieldeshayes.fr\/blog\/?p=209"},"modified":"2018-12-17T20:10:21","modified_gmt":"2018-12-17T19:10:21","slug":"classe-de-tps-ps-les-ateliers-de-tri-avec-les-feuilles-dautomne","status":"publish","type":"post","link":"https:\/\/www.ecolegabrieldeshayes.fr\/blog\/?p=209","title":{"rendered":"Classe de TPS &#8211; PS : Les ateliers de tri avec les feuilles d&rsquo;automne"},"content":{"rendered":"<p><span style=\"color: #ff6600\">Au retour des vacances de la Toussaint, la ma\u00eetresse nous a apport\u00e9 un tr\u00e9sor : des feuilles d&rsquo;automne. Nous avons observ\u00e9 les feuilles de ch\u00eane, de ch\u00e2taigner et d&rsquo;\u00e9rable et les avons tri\u00e9es.<\/span><\/p>\n<p><span style=\"color: #ff6600\">Nous avons aussi observ\u00e9 les couleurs d&rsquo;automne : jaune, orange, rouge et marron.<\/span><\/p>\n<p><img loading=\"lazy\" decoding=\"async\" class=\"alignnone size-full wp-image-301\" src=\"https:\/\/www.ecolegabrieldeshayes.fr\/blog\/wp-content\/uploads\/20181105_105135.jpg\" alt=\"\" width=\"250\" height=\"188\" \/> <img loading=\"lazy\" decoding=\"async\" class=\"alignnone size-medium wp-image-302\" src=\"https:\/\/www.ecolegabrieldeshayes.fr\/blog\/wp-content\/uploads\/20181105_105139.jpg\" alt=\"\" width=\"250\" height=\"188\" \/> <img loading=\"lazy\" decoding=\"async\" class=\"alignnone size-medium wp-image-303\" src=\"https:\/\/www.ecolegabrieldeshayes.fr\/blog\/wp-content\/uploads\/20181106_104024.jpg\" alt=\"\" width=\"250\" height=\"188\" \/> <img loading=\"lazy\" decoding=\"async\" class=\"alignnone size-medium wp-image-304\" src=\"https:\/\/www.ecolegabrieldeshayes.fr\/blog\/wp-content\/uploads\/20181106_104227.jpg\" alt=\"\" width=\"250\" height=\"188\" \/> <img loading=\"lazy\" decoding=\"async\" class=\"alignnone size-medium wp-image-305\" src=\"https:\/\/www.ecolegabrieldeshayes.fr\/blog\/wp-content\/uploads\/20181106_152342.jpg\" alt=\"\" width=\"250\" height=\"188\" \/> <img loading=\"lazy\" decoding=\"async\" class=\"alignnone size-medium wp-image-306\" src=\"https:\/\/www.ecolegabrieldeshayes.fr\/blog\/wp-content\/uploads\/20181106_152402.jpg\" alt=\"\" width=\"250\" height=\"188\" \/> <img loading=\"lazy\" decoding=\"async\" class=\"alignnone size-medium wp-image-307\" src=\"https:\/\/www.ecolegabrieldeshayes.fr\/blog\/wp-content\/uploads\/20181106_152423.jpg\" alt=\"\" width=\"250\" height=\"188\" \/> <img loading=\"lazy\" decoding=\"async\" class=\"alignnone size-medium wp-image-308\" src=\"https:\/\/www.ecolegabrieldeshayes.fr\/blog\/wp-content\/uploads\/20181106_152441.jpg\" alt=\"\" width=\"250\" height=\"188\" \/> <img loading=\"lazy\" decoding=\"async\" class=\"alignnone size-medium wp-image-309\" src=\"https:\/\/www.ecolegabrieldeshayes.fr\/blog\/wp-content\/uploads\/20181106_152527.jpg\" alt=\"\" width=\"250\" height=\"188\" \/><\/p>\n<p>&nbsp;<\/p>\n","protected":false},"excerpt":{"rendered":"<p>Au retour des vacances de la Toussaint, la ma\u00eetresse nous a apport\u00e9 un tr\u00e9sor : des feuilles d&rsquo;automne. Nous avons observ\u00e9 les feuilles de ch\u00eane, de ch\u00e2taigner et d&rsquo;\u00e9rable et les avons tri\u00e9es. Nous avons aussi observ\u00e9 les couleurs d&rsquo;automne : jaune, orange, rouge et marron. &nbsp;<\/p>\n","protected":false},"author":11,"featured_media":0,"comment_status":"closed","ping_status":"open","sticky":false,"template":"","format":"standard","meta":{"footnotes":""},"categories":[5],"tags":[],"class_list":["post-209","post","type-post","status-publish","format-standard","hentry","category-cycle-1"],"_links":{"self":[{"href":"https:\/\/www.ecolegabrieldeshayes.fr\/blog\/index.php?rest_route=\/wp\/v2\/posts\/209","targetHints":{"allow":["GET"]}}],"collection":[{"href":"https:\/\/www.ecolegabrieldeshayes.fr\/blog\/index.php?rest_route=\/wp\/v2\/posts"}],"about":[{"href":"https:\/\/www.ecolegabrieldeshayes.fr\/blog\/index.php?rest_route=\/wp\/v2\/types\/post"}],"author":[{"embeddable":true,"href":"https:\/\/www.ecolegabrieldeshayes.fr\/blog\/index.php?rest_route=\/wp\/v2\/users\/11"}],"replies":[{"embeddable":true,"href":"https:\/\/www.ecolegabrieldeshayes.fr\/blog\/index.php?rest_route=%2Fwp%2Fv2%2Fcomments&post=209"}],"version-history":[{"count":2,"href":"https:\/\/www.ecolegabrieldeshayes.fr\/blog\/index.php?rest_route=\/wp\/v2\/posts\/209\/revisions"}],"predecessor-version":[{"id":311,"href":"https:\/\/www.ecolegabrieldeshayes.fr\/blog\/index.php?rest_route=\/wp\/v2\/posts\/209\/revisions\/311"}],"wp:attachment":[{"href":"https:\/\/www.ecolegabrieldeshayes.fr\/blog\/index.php?rest_route=%2Fwp%2Fv2%2Fmedia&parent=209"}],"wp:term":[{"taxonomy":"category","embeddable":true,"href":"https:\/\/www.ecolegabrieldeshayes.fr\/blog\/index.php?rest_route=%2Fwp%2Fv2%2Fcategories&post=209"},{"taxonomy":"post_tag","embeddable":true,"href":"https:\/\/www.ecolegabrieldeshayes.fr\/blog\/index.php?rest_route=%2Fwp%2Fv2%2Ftags&post=209"}],"curies":[{"name":"wp","href":"https:\/\/api.w.org\/{rel}","templated":true}]}}