{"id":228,"date":"2018-11-24T17:12:24","date_gmt":"2018-11-24T16:12:24","guid":{"rendered":"http:\/\/www.ecolegabrieldeshayes.fr\/blog\/?p=228"},"modified":"2018-12-17T20:10:21","modified_gmt":"2018-12-17T19:10:21","slug":"sortie-au-marche-en-ps-ms","status":"publish","type":"post","link":"https:\/\/www.ecolegabrieldeshayes.fr\/blog\/?p=228","title":{"rendered":"Sortie au march\u00e9 en PS\/MS"},"content":{"rendered":"<p>Lundi 19 novembre, c&rsquo;\u00e9tait au tour des \u00e9l\u00e8ves de la classe de Nathalie de se rendre au march\u00e9 pour acheter des l\u00e9gumes.<\/p>\n<p>Accompagn\u00e9s par des adultes, les enfants se sont promen\u00e9s sur le site du march\u00e9.<\/p>\n<p>Ils ont pu se rendre compte qu&rsquo;on y trouve de tout : fruits et l\u00e9gumes, poissons, coquillages, crustac\u00e9s, viandes, fromages, pains, olives, miel&#8230; mais aussi v\u00eatements, sacs \u00e0 main, matelas&#8230; et m\u00eame des poules pondeuses et des lapins !<\/p>\n<p>Le temps \u00e9tait ensoleill\u00e9 mais tr\u00e8s froid. Heureusement, tout le monde \u00e9tait bien couvert. Un gentil monsieur nous a m\u00eame offert des cacahu\u00e8tes caram\u00e9lis\u00e9es.<\/p>\n<p>Nous sommes rentr\u00e9s fatigu\u00e9s mais contents de notre escapade.<\/p>\n<p>Pour les photos : c&rsquo;est ici :\u00a0<a href=\"https:\/\/photos.app.goo.gl\/zTTxKwPTMgGjYKHo7\">https:\/\/photos.app.goo.gl\/zTTxKwPTMgGjYKHo7<\/a><\/p>\n<p>&nbsp;<\/p>\n<p>&nbsp;<\/p>\n","protected":false},"excerpt":{"rendered":"<p>Lundi 19 novembre, c&rsquo;\u00e9tait au tour des \u00e9l\u00e8ves de la classe de Nathalie de se rendre au march\u00e9 pour acheter des l\u00e9gumes. Accompagn\u00e9s par des adultes, les enfants se sont promen\u00e9s sur le site du march\u00e9. Ils ont pu se rendre compte qu&rsquo;on y trouve de tout : fruits et l\u00e9gumes, poissons, coquillages, crustac\u00e9s, viandes, &hellip; <\/p>\n<p class=\"link-more\"><a href=\"https:\/\/www.ecolegabrieldeshayes.fr\/blog\/?p=228\" class=\"more-link\">Continuer la lecture<span class=\"screen-reader-text\"> de &laquo;&nbsp;Sortie au march\u00e9 en PS\/MS&nbsp;&raquo;<\/span><\/a><\/p>\n","protected":false},"author":5,"featured_media":0,"comment_status":"closed","ping_status":"open","sticky":false,"template":"","format":"standard","meta":{"footnotes":""},"categories":[5],"tags":[],"class_list":["post-228","post","type-post","status-publish","format-standard","hentry","category-cycle-1"],"_links":{"self":[{"href":"https:\/\/www.ecolegabrieldeshayes.fr\/blog\/index.php?rest_route=\/wp\/v2\/posts\/228","targetHints":{"allow":["GET"]}}],"collection":[{"href":"https:\/\/www.ecolegabrieldeshayes.fr\/blog\/index.php?rest_route=\/wp\/v2\/posts"}],"about":[{"href":"https:\/\/www.ecolegabrieldeshayes.fr\/blog\/index.php?rest_route=\/wp\/v2\/types\/post"}],"author":[{"embeddable":true,"href":"https:\/\/www.ecolegabrieldeshayes.fr\/blog\/index.php?rest_route=\/wp\/v2\/users\/5"}],"replies":[{"embeddable":true,"href":"https:\/\/www.ecolegabrieldeshayes.fr\/blog\/index.php?rest_route=%2Fwp%2Fv2%2Fcomments&post=228"}],"version-history":[{"count":3,"href":"https:\/\/www.ecolegabrieldeshayes.fr\/blog\/index.php?rest_route=\/wp\/v2\/posts\/228\/revisions"}],"predecessor-version":[{"id":409,"href":"https:\/\/www.ecolegabrieldeshayes.fr\/blog\/index.php?rest_route=\/wp\/v2\/posts\/228\/revisions\/409"}],"wp:attachment":[{"href":"https:\/\/www.ecolegabrieldeshayes.fr\/blog\/index.php?rest_route=%2Fwp%2Fv2%2Fmedia&parent=228"}],"wp:term":[{"taxonomy":"category","embeddable":true,"href":"https:\/\/www.ecolegabrieldeshayes.fr\/blog\/index.php?rest_route=%2Fwp%2Fv2%2Fcategories&post=228"},{"taxonomy":"post_tag","embeddable":true,"href":"https:\/\/www.ecolegabrieldeshayes.fr\/blog\/index.php?rest_route=%2Fwp%2Fv2%2Ftags&post=228"}],"curies":[{"name":"wp","href":"https:\/\/api.w.org\/{rel}","templated":true}]}}