{"id":411,"date":"2018-11-24T17:23:51","date_gmt":"2018-11-24T16:23:51","guid":{"rendered":"http:\/\/www.ecolegabrieldeshayes.fr\/blog\/?p=411"},"modified":"2018-12-17T20:10:21","modified_gmt":"2018-12-17T19:10:21","slug":"mediatheque-en-visite-en-ps-ms","status":"publish","type":"post","link":"https:\/\/www.ecolegabrieldeshayes.fr\/blog\/?p=411","title":{"rendered":"M\u00e9diath\u00e8que en visite en PS\/MS"},"content":{"rendered":"<p>Comme chaque ann\u00e9e scolaire, Catherine Mah\u00e9, animatrice \u00e0 la m\u00e9diath\u00e8que d&rsquo;Auray, a fait le d\u00e9placement jusqu&rsquo;\u00e0 la classe de PS\/MS pour le plus grand plaisir des enfants.<\/p>\n<p>Jeudi 22 novembre, elle nous a tenu en haleine pendant une heure ! Elle nous a racont\u00e9 des albums tr\u00e8s vari\u00e9s et nous avons pass\u00e9 un bon moment tous ensemble.<\/p>\n<p>Elle reviendra au deuxi\u00e8me trimestre puis ce sera \u00e0 notre tour de nous d\u00e9placer pour lui rendre visite.<\/p>\n<p>Pour les photos, c&rsquo;est ici :\u00a0<a href=\"https:\/\/photos.app.goo.gl\/DQNbucDyuUN2msTr9\">https:\/\/photos.app.goo.gl\/DQNbucDyuUN2msTr9<\/a><\/p>\n","protected":false},"excerpt":{"rendered":"<p>Comme chaque ann\u00e9e scolaire, Catherine Mah\u00e9, animatrice \u00e0 la m\u00e9diath\u00e8que d&rsquo;Auray, a fait le d\u00e9placement jusqu&rsquo;\u00e0 la classe de PS\/MS pour le plus grand plaisir des enfants. Jeudi 22 novembre, elle nous a tenu en haleine pendant une heure ! Elle nous a racont\u00e9 des albums tr\u00e8s vari\u00e9s et nous avons pass\u00e9 un bon moment &hellip; <\/p>\n<p class=\"link-more\"><a href=\"https:\/\/www.ecolegabrieldeshayes.fr\/blog\/?p=411\" class=\"more-link\">Continuer la lecture<span class=\"screen-reader-text\"> de &laquo;&nbsp;M\u00e9diath\u00e8que en visite en PS\/MS&nbsp;&raquo;<\/span><\/a><\/p>\n","protected":false},"author":5,"featured_media":0,"comment_status":"closed","ping_status":"open","sticky":false,"template":"","format":"standard","meta":{"footnotes":""},"categories":[5],"tags":[],"class_list":["post-411","post","type-post","status-publish","format-standard","hentry","category-cycle-1"],"_links":{"self":[{"href":"https:\/\/www.ecolegabrieldeshayes.fr\/blog\/index.php?rest_route=\/wp\/v2\/posts\/411","targetHints":{"allow":["GET"]}}],"collection":[{"href":"https:\/\/www.ecolegabrieldeshayes.fr\/blog\/index.php?rest_route=\/wp\/v2\/posts"}],"about":[{"href":"https:\/\/www.ecolegabrieldeshayes.fr\/blog\/index.php?rest_route=\/wp\/v2\/types\/post"}],"author":[{"embeddable":true,"href":"https:\/\/www.ecolegabrieldeshayes.fr\/blog\/index.php?rest_route=\/wp\/v2\/users\/5"}],"replies":[{"embeddable":true,"href":"https:\/\/www.ecolegabrieldeshayes.fr\/blog\/index.php?rest_route=%2Fwp%2Fv2%2Fcomments&post=411"}],"version-history":[{"count":2,"href":"https:\/\/www.ecolegabrieldeshayes.fr\/blog\/index.php?rest_route=\/wp\/v2\/posts\/411\/revisions"}],"predecessor-version":[{"id":429,"href":"https:\/\/www.ecolegabrieldeshayes.fr\/blog\/index.php?rest_route=\/wp\/v2\/posts\/411\/revisions\/429"}],"wp:attachment":[{"href":"https:\/\/www.ecolegabrieldeshayes.fr\/blog\/index.php?rest_route=%2Fwp%2Fv2%2Fmedia&parent=411"}],"wp:term":[{"taxonomy":"category","embeddable":true,"href":"https:\/\/www.ecolegabrieldeshayes.fr\/blog\/index.php?rest_route=%2Fwp%2Fv2%2Fcategories&post=411"},{"taxonomy":"post_tag","embeddable":true,"href":"https:\/\/www.ecolegabrieldeshayes.fr\/blog\/index.php?rest_route=%2Fwp%2Fv2%2Ftags&post=411"}],"curies":[{"name":"wp","href":"https:\/\/api.w.org\/{rel}","templated":true}]}}