{"id":4475,"date":"2021-11-16T10:17:16","date_gmt":"2021-11-16T09:17:16","guid":{"rendered":"http:\/\/www.ecolegabrieldeshayes.fr\/blog\/?p=4475"},"modified":"2021-11-16T10:17:16","modified_gmt":"2021-11-16T09:17:16","slug":"lacher-de-pigeons-a-gabriel-deshayes","status":"publish","type":"post","link":"https:\/\/www.ecolegabrieldeshayes.fr\/blog\/?p=4475","title":{"rendered":"L\u00e2cher de pigeons \u00e0 Gabriel Deshayes"},"content":{"rendered":"\n<figure class=\"wp-block-image size-large\"><img loading=\"lazy\" decoding=\"async\" width=\"576\" height=\"1024\" src=\"https:\/\/www.ecolegabrieldeshayes.fr\/blog\/wp-content\/uploads\/IMG_20211116_084348-1-576x1024.jpg\" alt=\"\" class=\"wp-image-4477\" srcset=\"https:\/\/www.ecolegabrieldeshayes.fr\/blog\/wp-content\/uploads\/IMG_20211116_084348-1-576x1024.jpg 576w, https:\/\/www.ecolegabrieldeshayes.fr\/blog\/wp-content\/uploads\/IMG_20211116_084348-1-169x300.jpg 169w, https:\/\/www.ecolegabrieldeshayes.fr\/blog\/wp-content\/uploads\/IMG_20211116_084348-1.jpg 720w\" sizes=\"auto, (max-width: 576px) 100vw, 576px\" \/><\/figure>\n\n\n\n<p>Alwena, en classe de CM2-1 a choisi de pr\u00e9senter des pigeons pendant son oral d&rsquo;anglais. Nous avons donc pu d\u00e9couvrir sa passion et assister \u00e0 un l\u00e2cher de pigeons dans la cour ! <\/p>\n\n\n\n<p>Voici quelques photos et vid\u00e9os :<\/p>\n\n\n\n<p><a href=\"https:\/\/photos.app.goo.gl\/ykHm5kguZFZ1eDS2A\">https:\/\/photos.app.goo.gl\/ykHm5kguZFZ1eDS2A<\/a><\/p>\n","protected":false},"excerpt":{"rendered":"<p>Alwena, en classe de CM2-1 a choisi de pr\u00e9senter des pigeons pendant son oral d&rsquo;anglais. Nous avons donc pu d\u00e9couvrir sa passion et assister \u00e0 un l\u00e2cher de pigeons dans la cour ! Voici quelques photos et vid\u00e9os : https:\/\/photos.app.goo.gl\/ykHm5kguZFZ1eDS2A<\/p>\n","protected":false},"author":21,"featured_media":0,"comment_status":"closed","ping_status":"open","sticky":false,"template":"","format":"standard","meta":{"footnotes":""},"categories":[7,1],"tags":[],"class_list":["post-4475","post","type-post","status-publish","format-standard","hentry","category-cycle-3","category-non-classe"],"_links":{"self":[{"href":"https:\/\/www.ecolegabrieldeshayes.fr\/blog\/index.php?rest_route=\/wp\/v2\/posts\/4475","targetHints":{"allow":["GET"]}}],"collection":[{"href":"https:\/\/www.ecolegabrieldeshayes.fr\/blog\/index.php?rest_route=\/wp\/v2\/posts"}],"about":[{"href":"https:\/\/www.ecolegabrieldeshayes.fr\/blog\/index.php?rest_route=\/wp\/v2\/types\/post"}],"author":[{"embeddable":true,"href":"https:\/\/www.ecolegabrieldeshayes.fr\/blog\/index.php?rest_route=\/wp\/v2\/users\/21"}],"replies":[{"embeddable":true,"href":"https:\/\/www.ecolegabrieldeshayes.fr\/blog\/index.php?rest_route=%2Fwp%2Fv2%2Fcomments&post=4475"}],"version-history":[{"count":1,"href":"https:\/\/www.ecolegabrieldeshayes.fr\/blog\/index.php?rest_route=\/wp\/v2\/posts\/4475\/revisions"}],"predecessor-version":[{"id":4478,"href":"https:\/\/www.ecolegabrieldeshayes.fr\/blog\/index.php?rest_route=\/wp\/v2\/posts\/4475\/revisions\/4478"}],"wp:attachment":[{"href":"https:\/\/www.ecolegabrieldeshayes.fr\/blog\/index.php?rest_route=%2Fwp%2Fv2%2Fmedia&parent=4475"}],"wp:term":[{"taxonomy":"category","embeddable":true,"href":"https:\/\/www.ecolegabrieldeshayes.fr\/blog\/index.php?rest_route=%2Fwp%2Fv2%2Fcategories&post=4475"},{"taxonomy":"post_tag","embeddable":true,"href":"https:\/\/www.ecolegabrieldeshayes.fr\/blog\/index.php?rest_route=%2Fwp%2Fv2%2Ftags&post=4475"}],"curies":[{"name":"wp","href":"https:\/\/api.w.org\/{rel}","templated":true}]}}