{"id":4480,"date":"2021-11-17T20:19:16","date_gmt":"2021-11-17T19:19:16","guid":{"rendered":"http:\/\/www.ecolegabrieldeshayes.fr\/blog\/?p=4480"},"modified":"2021-11-17T20:20:32","modified_gmt":"2021-11-17T19:20:32","slug":"les-tps-ps-de-nathalie-vont-au-marche-et-preparent-de-la-soupe","status":"publish","type":"post","link":"https:\/\/www.ecolegabrieldeshayes.fr\/blog\/?p=4480","title":{"rendered":"Les TPS\/PS de Nathalie vont au march\u00e9 et pr\u00e9parent de la soupe"},"content":{"rendered":"\n<p>Lundi matin, les \u00e9l\u00e8ves de la classe de Nathalie se sont rendus \u00e0 pied au march\u00e9 d&rsquo;Auray pour acheter des l\u00e9gumes.<\/p>\n\n\n\n<p>Ils en ont profit\u00e9 pour fl\u00e2ner au gr\u00e9 des \u00e9tals et d\u00e9couvrir que l&rsquo;on pouvait acheter un tas de choses au march\u00e9 : fromage, saucisson, poulet r\u00f4ti, fruits, l\u00e9gumes, v\u00eatements, chaussures&#8230; <\/p>\n\n\n\n<p>A la halle aux poissons, une charmante dame leur a montr\u00e9 de tr\u00e8s pr\u00e8s un homard bleu, un crabe et une araign\u00e9e de mer.<\/p>\n\n\n\n<div class=\"wp-block-image is-style-rounded\"><figure class=\"aligncenter size-medium\"><img loading=\"lazy\" decoding=\"async\" width=\"142\" height=\"300\" src=\"https:\/\/www.ecolegabrieldeshayes.fr\/blog\/wp-content\/uploads\/IMG-20211115-WA0000-142x300.jpg\" alt=\"\" class=\"wp-image-4481\" srcset=\"https:\/\/www.ecolegabrieldeshayes.fr\/blog\/wp-content\/uploads\/IMG-20211115-WA0000-142x300.jpg 142w, https:\/\/www.ecolegabrieldeshayes.fr\/blog\/wp-content\/uploads\/IMG-20211115-WA0000-485x1024.jpg 485w, https:\/\/www.ecolegabrieldeshayes.fr\/blog\/wp-content\/uploads\/IMG-20211115-WA0000-768x1622.jpg 768w, https:\/\/www.ecolegabrieldeshayes.fr\/blog\/wp-content\/uploads\/IMG-20211115-WA0000-728x1536.jpg 728w, https:\/\/www.ecolegabrieldeshayes.fr\/blog\/wp-content\/uploads\/IMG-20211115-WA0000.jpg 970w\" sizes=\"auto, (max-width: 142px) 100vw, 142px\" \/><\/figure><\/div>\n\n\n\n<p>Les enfants ont cr\u00e9\u00e9 le buzz avec leurs gilets oranges qui les rendaient bien visibles !<\/p>\n\n\n\n<p>A l&rsquo;aller et au retour, ils ont eu la chance de voir les agents de la ville (en gilets oranges, eux aussi !) qui accrochaient les d\u00e9corations de No\u00ebl \u00e0 l&rsquo;aide d&rsquo;un \u00e9l\u00e9vateur.<\/p>\n\n\n\n<p>Mardi matin, c&rsquo;\u00e9tait atelier pr\u00e9paration de la soupe.<\/p>\n\n\n\n<p>Il a fallu \u00e9plucher, couper, laver, cuire, broyer pour enfin d\u00e9guster une d\u00e9licieuse soupe au potimarron. MIAM !<\/p>\n\n\n\n<p>Au passage, nous en avons profit\u00e9 pour nommer les l\u00e9gumes et les ustensiles utilis\u00e9s.<\/p>\n\n\n\n<p>Un grand merci aux parents accompagnateurs pour ces deux journ\u00e9es.<\/p>\n\n\n\n<p>Voici le lien vers les photos : <a href=\"https:\/\/photos.google.com\/album\/AF1QipOyYj5txre10g3FD4AWyYEjztmu8LzQkKYY30_4\">https:\/\/photos.google.com\/album\/AF1QipOyYj5txre10g3FD4AWyYEjztmu8LzQkKYY30_4<\/a><\/p>\n","protected":false},"excerpt":{"rendered":"<p>Lundi matin, les \u00e9l\u00e8ves de la classe de Nathalie se sont rendus \u00e0 pied au march\u00e9 d&rsquo;Auray pour acheter des l\u00e9gumes. Ils en ont profit\u00e9 pour fl\u00e2ner au gr\u00e9 des \u00e9tals et d\u00e9couvrir que l&rsquo;on pouvait acheter un tas de choses au march\u00e9 : fromage, saucisson, poulet r\u00f4ti, fruits, l\u00e9gumes, v\u00eatements, chaussures&#8230; A la halle &hellip; <\/p>\n<p class=\"link-more\"><a href=\"https:\/\/www.ecolegabrieldeshayes.fr\/blog\/?p=4480\" class=\"more-link\">Continuer la lecture<span class=\"screen-reader-text\"> de &laquo;&nbsp;Les TPS\/PS de Nathalie vont au march\u00e9 et pr\u00e9parent de la soupe&nbsp;&raquo;<\/span><\/a><\/p>\n","protected":false},"author":5,"featured_media":0,"comment_status":"closed","ping_status":"open","sticky":false,"template":"","format":"standard","meta":{"footnotes":""},"categories":[5,1],"tags":[],"class_list":["post-4480","post","type-post","status-publish","format-standard","hentry","category-cycle-1","category-non-classe"],"_links":{"self":[{"href":"https:\/\/www.ecolegabrieldeshayes.fr\/blog\/index.php?rest_route=\/wp\/v2\/posts\/4480","targetHints":{"allow":["GET"]}}],"collection":[{"href":"https:\/\/www.ecolegabrieldeshayes.fr\/blog\/index.php?rest_route=\/wp\/v2\/posts"}],"about":[{"href":"https:\/\/www.ecolegabrieldeshayes.fr\/blog\/index.php?rest_route=\/wp\/v2\/types\/post"}],"author":[{"embeddable":true,"href":"https:\/\/www.ecolegabrieldeshayes.fr\/blog\/index.php?rest_route=\/wp\/v2\/users\/5"}],"replies":[{"embeddable":true,"href":"https:\/\/www.ecolegabrieldeshayes.fr\/blog\/index.php?rest_route=%2Fwp%2Fv2%2Fcomments&post=4480"}],"version-history":[{"count":2,"href":"https:\/\/www.ecolegabrieldeshayes.fr\/blog\/index.php?rest_route=\/wp\/v2\/posts\/4480\/revisions"}],"predecessor-version":[{"id":4483,"href":"https:\/\/www.ecolegabrieldeshayes.fr\/blog\/index.php?rest_route=\/wp\/v2\/posts\/4480\/revisions\/4483"}],"wp:attachment":[{"href":"https:\/\/www.ecolegabrieldeshayes.fr\/blog\/index.php?rest_route=%2Fwp%2Fv2%2Fmedia&parent=4480"}],"wp:term":[{"taxonomy":"category","embeddable":true,"href":"https:\/\/www.ecolegabrieldeshayes.fr\/blog\/index.php?rest_route=%2Fwp%2Fv2%2Fcategories&post=4480"},{"taxonomy":"post_tag","embeddable":true,"href":"https:\/\/www.ecolegabrieldeshayes.fr\/blog\/index.php?rest_route=%2Fwp%2Fv2%2Ftags&post=4480"}],"curies":[{"name":"wp","href":"https:\/\/api.w.org\/{rel}","templated":true}]}}