{"id":4484,"date":"2021-11-18T11:04:39","date_gmt":"2021-11-18T10:04:39","guid":{"rendered":"http:\/\/www.ecolegabrieldeshayes.fr\/blog\/?p=4484"},"modified":"2021-11-19T08:32:38","modified_gmt":"2021-11-19T07:32:38","slug":"elections-pour-le-cme","status":"publish","type":"post","link":"https:\/\/www.ecolegabrieldeshayes.fr\/blog\/?p=4484","title":{"rendered":"Elections pour le CME"},"content":{"rendered":"\n<figure class=\"wp-block-image size-full\"><img loading=\"lazy\" decoding=\"async\" width=\"189\" height=\"267\" src=\"https:\/\/www.ecolegabrieldeshayes.fr\/blog\/wp-content\/uploads\/cme.jpg\" alt=\"\" class=\"wp-image-4489\"\/><\/figure>\n\n\n\n<p>Les \u00e9l\u00e8ves de CM1 et CM2 ont vot\u00e9 pour \u00e9lire les futurs membres du conseil municipal des enfants.<\/p>\n\n\n\n<figure class=\"wp-block-image size-large\"><img loading=\"lazy\" decoding=\"async\" width=\"1024\" height=\"768\" src=\"https:\/\/www.ecolegabrieldeshayes.fr\/blog\/wp-content\/uploads\/IMG_20211118_091012-1024x768.jpg\" alt=\"\" class=\"wp-image-4493\" srcset=\"https:\/\/www.ecolegabrieldeshayes.fr\/blog\/wp-content\/uploads\/IMG_20211118_091012-1024x768.jpg 1024w, https:\/\/www.ecolegabrieldeshayes.fr\/blog\/wp-content\/uploads\/IMG_20211118_091012-300x225.jpg 300w, https:\/\/www.ecolegabrieldeshayes.fr\/blog\/wp-content\/uploads\/IMG_20211118_091012-768x576.jpg 768w, https:\/\/www.ecolegabrieldeshayes.fr\/blog\/wp-content\/uploads\/IMG_20211118_091012-1536x1152.jpg 1536w, https:\/\/www.ecolegabrieldeshayes.fr\/blog\/wp-content\/uploads\/IMG_20211118_091012-scaled.jpg 2048w\" sizes=\"auto, (max-width: 767px) 89vw, (max-width: 1000px) 54vw, (max-width: 1071px) 543px, 580px\" \/><\/figure>\n\n\n\n<p>Voici les photos concernant les CM2-1 :<\/p>\n\n\n\n<p><a href=\"https:\/\/photos.app.goo.gl\/2kvMdjhyswKhDGrx5\">https:\/\/photos.app.goo.gl\/2kvMdjhyswKhDGrx5<\/a><\/p>\n\n\n\n<p>Voici les photos pour les CM1 de Mme Le Ray et Mme Cadio :<\/p>\n\n\n\n<p> <a href=\"https:\/\/photos.app.goo.gl\/om9Cdkrp3g71VVMb7\">https:\/\/photos.app.goo.gl\/om9Cdkrp3g71VVMb7<\/a><\/p>\n\n\n\n<figure class=\"wp-block-image size-large\"><img loading=\"lazy\" decoding=\"async\" width=\"1024\" height=\"764\" src=\"https:\/\/www.ecolegabrieldeshayes.fr\/blog\/wp-content\/uploads\/IMG_20211118_194851bis-1024x764.jpg\" alt=\"\" class=\"wp-image-4497\" srcset=\"https:\/\/www.ecolegabrieldeshayes.fr\/blog\/wp-content\/uploads\/IMG_20211118_194851bis-1024x764.jpg 1024w, https:\/\/www.ecolegabrieldeshayes.fr\/blog\/wp-content\/uploads\/IMG_20211118_194851bis-300x224.jpg 300w, https:\/\/www.ecolegabrieldeshayes.fr\/blog\/wp-content\/uploads\/IMG_20211118_194851bis-768x573.jpg 768w, https:\/\/www.ecolegabrieldeshayes.fr\/blog\/wp-content\/uploads\/IMG_20211118_194851bis-1536x1146.jpg 1536w, https:\/\/www.ecolegabrieldeshayes.fr\/blog\/wp-content\/uploads\/IMG_20211118_194851bis-scaled.jpg 2048w\" sizes=\"auto, (max-width: 767px) 89vw, (max-width: 1000px) 54vw, (max-width: 1071px) 543px, 580px\" \/><\/figure>\n\n\n\n<p class=\"has-medium-font-size\">Voici nos \u00e9lus !<\/p>\n\n\n\n<p>F\u00e9licitations \u00e0 Tha\u00efs , Z\u00e9lie, M\u00e9lis, Hugo et Louis-Victor !<\/p>\n\n\n\n<figure class=\"wp-block-image size-large\"><img loading=\"lazy\" decoding=\"async\" width=\"1024\" height=\"768\" src=\"https:\/\/www.ecolegabrieldeshayes.fr\/blog\/wp-content\/uploads\/IMG_20211118_194819-1024x768.jpg\" alt=\"\" class=\"wp-image-4499\" srcset=\"https:\/\/www.ecolegabrieldeshayes.fr\/blog\/wp-content\/uploads\/IMG_20211118_194819-1024x768.jpg 1024w, https:\/\/www.ecolegabrieldeshayes.fr\/blog\/wp-content\/uploads\/IMG_20211118_194819-300x225.jpg 300w, https:\/\/www.ecolegabrieldeshayes.fr\/blog\/wp-content\/uploads\/IMG_20211118_194819-768x576.jpg 768w, https:\/\/www.ecolegabrieldeshayes.fr\/blog\/wp-content\/uploads\/IMG_20211118_194819-1536x1152.jpg 1536w, https:\/\/www.ecolegabrieldeshayes.fr\/blog\/wp-content\/uploads\/IMG_20211118_194819-scaled.jpg 2048w\" sizes=\"auto, (max-width: 767px) 89vw, (max-width: 1000px) 54vw, (max-width: 1071px) 543px, 580px\" \/><figcaption>Tous les \u00e9lus d&rsquo;Auray !<\/figcaption><\/figure>\n","protected":false},"excerpt":{"rendered":"<p>Les \u00e9l\u00e8ves de CM1 et CM2 ont vot\u00e9 pour \u00e9lire les futurs membres du conseil municipal des enfants. Voici les photos concernant les CM2-1 : https:\/\/photos.app.goo.gl\/2kvMdjhyswKhDGrx5 Voici les photos pour les CM1 de Mme Le Ray et Mme Cadio : https:\/\/photos.app.goo.gl\/om9Cdkrp3g71VVMb7 Voici nos \u00e9lus ! F\u00e9licitations \u00e0 Tha\u00efs , Z\u00e9lie, M\u00e9lis, Hugo et Louis-Victor !<\/p>\n","protected":false},"author":21,"featured_media":0,"comment_status":"closed","ping_status":"open","sticky":false,"template":"","format":"standard","meta":{"footnotes":""},"categories":[7,1],"tags":[],"class_list":["post-4484","post","type-post","status-publish","format-standard","hentry","category-cycle-3","category-non-classe"],"_links":{"self":[{"href":"https:\/\/www.ecolegabrieldeshayes.fr\/blog\/index.php?rest_route=\/wp\/v2\/posts\/4484","targetHints":{"allow":["GET"]}}],"collection":[{"href":"https:\/\/www.ecolegabrieldeshayes.fr\/blog\/index.php?rest_route=\/wp\/v2\/posts"}],"about":[{"href":"https:\/\/www.ecolegabrieldeshayes.fr\/blog\/index.php?rest_route=\/wp\/v2\/types\/post"}],"author":[{"embeddable":true,"href":"https:\/\/www.ecolegabrieldeshayes.fr\/blog\/index.php?rest_route=\/wp\/v2\/users\/21"}],"replies":[{"embeddable":true,"href":"https:\/\/www.ecolegabrieldeshayes.fr\/blog\/index.php?rest_route=%2Fwp%2Fv2%2Fcomments&post=4484"}],"version-history":[{"count":6,"href":"https:\/\/www.ecolegabrieldeshayes.fr\/blog\/index.php?rest_route=\/wp\/v2\/posts\/4484\/revisions"}],"predecessor-version":[{"id":4500,"href":"https:\/\/www.ecolegabrieldeshayes.fr\/blog\/index.php?rest_route=\/wp\/v2\/posts\/4484\/revisions\/4500"}],"wp:attachment":[{"href":"https:\/\/www.ecolegabrieldeshayes.fr\/blog\/index.php?rest_route=%2Fwp%2Fv2%2Fmedia&parent=4484"}],"wp:term":[{"taxonomy":"category","embeddable":true,"href":"https:\/\/www.ecolegabrieldeshayes.fr\/blog\/index.php?rest_route=%2Fwp%2Fv2%2Fcategories&post=4484"},{"taxonomy":"post_tag","embeddable":true,"href":"https:\/\/www.ecolegabrieldeshayes.fr\/blog\/index.php?rest_route=%2Fwp%2Fv2%2Ftags&post=4484"}],"curies":[{"name":"wp","href":"https:\/\/api.w.org\/{rel}","templated":true}]}}