{"id":4740,"date":"2022-03-01T16:43:01","date_gmt":"2022-03-01T15:43:01","guid":{"rendered":"http:\/\/www.ecolegabrieldeshayes.fr\/blog\/?p=4740"},"modified":"2022-03-06T19:03:07","modified_gmt":"2022-03-06T18:03:07","slug":"carnaval-a-lecole-2","status":"publish","type":"post","link":"https:\/\/www.ecolegabrieldeshayes.fr\/blog\/?p=4740","title":{"rendered":"Carnaval \u00e0 l&rsquo;\u00e9cole"},"content":{"rendered":"\n<p>Aujourd&rsquo;hui, jour de mardi gras, toute l&rsquo;\u00e9cole s&rsquo;est d\u00e9guis\u00e9e pour f\u00eater le carnaval.<\/p>\n\n\n\n<figure class=\"wp-block-image size-large\"><img loading=\"lazy\" decoding=\"async\" width=\"1024\" height=\"768\" src=\"https:\/\/www.ecolegabrieldeshayes.fr\/blog\/wp-content\/uploads\/IMG_20220301_155324-1024x768.jpg\" alt=\"\" class=\"wp-image-4746\" srcset=\"https:\/\/www.ecolegabrieldeshayes.fr\/blog\/wp-content\/uploads\/IMG_20220301_155324-1024x768.jpg 1024w, https:\/\/www.ecolegabrieldeshayes.fr\/blog\/wp-content\/uploads\/IMG_20220301_155324-300x225.jpg 300w, https:\/\/www.ecolegabrieldeshayes.fr\/blog\/wp-content\/uploads\/IMG_20220301_155324-768x576.jpg 768w, https:\/\/www.ecolegabrieldeshayes.fr\/blog\/wp-content\/uploads\/IMG_20220301_155324-1536x1152.jpg 1536w, https:\/\/www.ecolegabrieldeshayes.fr\/blog\/wp-content\/uploads\/IMG_20220301_155324-scaled.jpg 2048w\" sizes=\"auto, (max-width: 767px) 89vw, (max-width: 1000px) 54vw, (max-width: 1071px) 543px, 580px\" \/><\/figure>\n\n\n\n<p>Enfants et Adultes ont appr\u00e9ci\u00e9 cette journ\u00e9e festive. Les \u00e9l\u00e8ves ont pu manger une cr\u00eape ( merci aux parents d&rsquo;\u00e9l\u00e8ves) et ont termin\u00e9 la journ\u00e9e par de joyeuses danses!<\/p>\n\n\n\n<figure class=\"wp-block-image size-large\"><img loading=\"lazy\" decoding=\"async\" width=\"1024\" height=\"768\" src=\"https:\/\/www.ecolegabrieldeshayes.fr\/blog\/wp-content\/uploads\/IMG_20220301_155209-1024x768.jpg\" alt=\"\" class=\"wp-image-4745\" srcset=\"https:\/\/www.ecolegabrieldeshayes.fr\/blog\/wp-content\/uploads\/IMG_20220301_155209-1024x768.jpg 1024w, https:\/\/www.ecolegabrieldeshayes.fr\/blog\/wp-content\/uploads\/IMG_20220301_155209-300x225.jpg 300w, https:\/\/www.ecolegabrieldeshayes.fr\/blog\/wp-content\/uploads\/IMG_20220301_155209-768x576.jpg 768w, https:\/\/www.ecolegabrieldeshayes.fr\/blog\/wp-content\/uploads\/IMG_20220301_155209-1536x1152.jpg 1536w, https:\/\/www.ecolegabrieldeshayes.fr\/blog\/wp-content\/uploads\/IMG_20220301_155209-scaled.jpg 2048w\" sizes=\"auto, (max-width: 767px) 89vw, (max-width: 1000px) 54vw, (max-width: 1071px) 543px, 580px\" \/><\/figure>\n\n\n\n<p>Vive le Carnaval!<\/p>\n\n\n\n<p><a href=\"https:\/\/photos.app.goo.gl\/vGVvvYyw5sZz6smp6\">Photos des CE1 CE2<\/a><\/p>\n\n\n\n<p><a href=\"https:\/\/photos.app.goo.gl\/nMLbA4BBZw4fGn2K7\">photos classe des CE2<\/a><\/p>\n\n\n\n<p><a href=\"https:\/\/photos.app.goo.gl\/JefdUPrscAbKsb6K8\">Photos des CM1 ( Mme Cadio)<\/a><\/p>\n\n\n\n<p><a href=\"https:\/\/photos.app.goo.gl\/vRKFGPzrx4iUTKj66\">Photos des deux classes de CM2<\/a><\/p>\n\n\n\n<p><a href=\"https:\/\/photos.app.goo.gl\/U2q3HdfRzmYWv2N78\">Photos des TPS-PS d&rsquo;Isabelle<\/a><\/p>\n\n\n\n<p><a href=\"https:\/\/photos.app.goo.gl\/XDAo88RY8U5qtqBW9\">Photos des CE2-CM1 (Mme Le Ray)<\/a><\/p>\n\n\n\n<p>Photos des TPS\/PS de Nathalie : <a href=\"https:\/\/photos.app.goo.gl\/KyhNwsqJgDyXUc8VA\">https:\/\/photos.app.goo.gl\/KyhNwsqJgDyXUc8VA<\/a><\/p>\n\n\n\n<p>Photos des CP : <a href=\"https:\/\/photos.app.goo.gl\/M5VN94WEP8aMBjgy8\"><strong>https:\/\/photos.app.goo.gl\/M5VN94WEP8aMBjgy8<\/strong><\/a><\/p>\n\n\n\n<p>P<a href=\"https:\/\/photos.app.goo.gl\/TaEnJCd1TQDSpjrR9\" data-type=\"URL\" data-id=\"https:\/\/photos.app.goo.gl\/TaEnJCd1TQDSpjrR9\">hotos des GS-CP <\/a><\/p>\n\n\n\n<p><\/p>\n","protected":false},"excerpt":{"rendered":"<p>Aujourd&rsquo;hui, jour de mardi gras, toute l&rsquo;\u00e9cole s&rsquo;est d\u00e9guis\u00e9e pour f\u00eater le carnaval. Enfants et Adultes ont appr\u00e9ci\u00e9 cette journ\u00e9e festive. Les \u00e9l\u00e8ves ont pu manger une cr\u00eape ( merci aux parents d&rsquo;\u00e9l\u00e8ves) et ont termin\u00e9 la journ\u00e9e par de joyeuses danses! Vive le Carnaval! Photos des CE1 CE2 photos classe des CE2 Photos des &hellip; <\/p>\n<p class=\"link-more\"><a href=\"https:\/\/www.ecolegabrieldeshayes.fr\/blog\/?p=4740\" class=\"more-link\">Continuer la lecture<span class=\"screen-reader-text\"> de &laquo;&nbsp;Carnaval \u00e0 l&rsquo;\u00e9cole&nbsp;&raquo;<\/span><\/a><\/p>\n","protected":false},"author":4,"featured_media":0,"comment_status":"closed","ping_status":"open","sticky":false,"template":"","format":"standard","meta":{"footnotes":""},"categories":[1],"tags":[],"class_list":["post-4740","post","type-post","status-publish","format-standard","hentry","category-non-classe"],"_links":{"self":[{"href":"https:\/\/www.ecolegabrieldeshayes.fr\/blog\/index.php?rest_route=\/wp\/v2\/posts\/4740","targetHints":{"allow":["GET"]}}],"collection":[{"href":"https:\/\/www.ecolegabrieldeshayes.fr\/blog\/index.php?rest_route=\/wp\/v2\/posts"}],"about":[{"href":"https:\/\/www.ecolegabrieldeshayes.fr\/blog\/index.php?rest_route=\/wp\/v2\/types\/post"}],"author":[{"embeddable":true,"href":"https:\/\/www.ecolegabrieldeshayes.fr\/blog\/index.php?rest_route=\/wp\/v2\/users\/4"}],"replies":[{"embeddable":true,"href":"https:\/\/www.ecolegabrieldeshayes.fr\/blog\/index.php?rest_route=%2Fwp%2Fv2%2Fcomments&post=4740"}],"version-history":[{"count":10,"href":"https:\/\/www.ecolegabrieldeshayes.fr\/blog\/index.php?rest_route=\/wp\/v2\/posts\/4740\/revisions"}],"predecessor-version":[{"id":4764,"href":"https:\/\/www.ecolegabrieldeshayes.fr\/blog\/index.php?rest_route=\/wp\/v2\/posts\/4740\/revisions\/4764"}],"wp:attachment":[{"href":"https:\/\/www.ecolegabrieldeshayes.fr\/blog\/index.php?rest_route=%2Fwp%2Fv2%2Fmedia&parent=4740"}],"wp:term":[{"taxonomy":"category","embeddable":true,"href":"https:\/\/www.ecolegabrieldeshayes.fr\/blog\/index.php?rest_route=%2Fwp%2Fv2%2Fcategories&post=4740"},{"taxonomy":"post_tag","embeddable":true,"href":"https:\/\/www.ecolegabrieldeshayes.fr\/blog\/index.php?rest_route=%2Fwp%2Fv2%2Ftags&post=4740"}],"curies":[{"name":"wp","href":"https:\/\/api.w.org\/{rel}","templated":true}]}}