{"id":4770,"date":"2022-03-10T16:57:36","date_gmt":"2022-03-10T15:57:36","guid":{"rendered":"http:\/\/www.ecolegabrieldeshayes.fr\/blog\/?p=4770"},"modified":"2022-03-10T16:57:36","modified_gmt":"2022-03-10T15:57:36","slug":"forte-mobilisation-de-lecole-gabriel-deshayes-pour-lukraine","status":"publish","type":"post","link":"https:\/\/www.ecolegabrieldeshayes.fr\/blog\/?p=4770","title":{"rendered":"Forte mobilisation de l&rsquo;\u00e9cole Gabriel Deshayes pour l&rsquo;Ukraine"},"content":{"rendered":"\n<p>Face aux \u00e9v\u00e8nements qui se d\u00e9roulent actuellement en Ukraine, les \u00e9l\u00e8ves de CM1 et CM2 ont \u00e9t\u00e9 interpell\u00e9s par la situation des Ukrainiens.<\/p>\n\n\n\n<figure class=\"wp-block-image size-large\"><img loading=\"lazy\" decoding=\"async\" width=\"1024\" height=\"768\" src=\"https:\/\/www.ecolegabrieldeshayes.fr\/blog\/wp-content\/uploads\/IMG_20220310_140249-1024x768.jpg\" alt=\"\" class=\"wp-image-4771\" srcset=\"https:\/\/www.ecolegabrieldeshayes.fr\/blog\/wp-content\/uploads\/IMG_20220310_140249-1024x768.jpg 1024w, https:\/\/www.ecolegabrieldeshayes.fr\/blog\/wp-content\/uploads\/IMG_20220310_140249-300x225.jpg 300w, https:\/\/www.ecolegabrieldeshayes.fr\/blog\/wp-content\/uploads\/IMG_20220310_140249-768x576.jpg 768w, https:\/\/www.ecolegabrieldeshayes.fr\/blog\/wp-content\/uploads\/IMG_20220310_140249-1536x1152.jpg 1536w, https:\/\/www.ecolegabrieldeshayes.fr\/blog\/wp-content\/uploads\/IMG_20220310_140249-scaled.jpg 2048w\" sizes=\"auto, (max-width: 767px) 89vw, (max-width: 1000px) 54vw, (max-width: 1071px) 543px, 580px\" \/><\/figure>\n\n\n\n<p>Ainsi des \u00e9l\u00e8ves ont propos\u00e9 \u00e0 leur professeur de r\u00e9colter aux aussi des dons.<\/p>\n\n\n\n<p>Toute l&rsquo;\u00e9cole s&rsquo;est mobilis\u00e9e et les classes de CM1 et CM2 ont re\u00e7u beaucoup de dons.<\/p>\n\n\n\n<p>Ils les ont apport\u00e9s ce jeudi 10 mars au CCAS d&rsquo;Auray, qui les a accueilli avec ravissement.<\/p>\n\n\n\n<p>Bravo aux \u00e9l\u00e8ves pour leur initiative !<\/p>\n\n\n\n<p>Quelques photos <a href=\"https:\/\/photos.app.goo.gl\/EJ6N7etfkqmdpeQM8\">ICI<\/a><\/p>\n","protected":false},"excerpt":{"rendered":"<p>Face aux \u00e9v\u00e8nements qui se d\u00e9roulent actuellement en Ukraine, les \u00e9l\u00e8ves de CM1 et CM2 ont \u00e9t\u00e9 interpell\u00e9s par la situation des Ukrainiens. Ainsi des \u00e9l\u00e8ves ont propos\u00e9 \u00e0 leur professeur de r\u00e9colter aux aussi des dons. Toute l&rsquo;\u00e9cole s&rsquo;est mobilis\u00e9e et les classes de CM1 et CM2 ont re\u00e7u beaucoup de dons. Ils les &hellip; <\/p>\n<p class=\"link-more\"><a href=\"https:\/\/www.ecolegabrieldeshayes.fr\/blog\/?p=4770\" class=\"more-link\">Continuer la lecture<span class=\"screen-reader-text\"> de &laquo;&nbsp;Forte mobilisation de l&rsquo;\u00e9cole Gabriel Deshayes pour l&rsquo;Ukraine&nbsp;&raquo;<\/span><\/a><\/p>\n","protected":false},"author":6,"featured_media":0,"comment_status":"closed","ping_status":"open","sticky":false,"template":"","format":"standard","meta":{"footnotes":""},"categories":[1],"tags":[],"class_list":["post-4770","post","type-post","status-publish","format-standard","hentry","category-non-classe"],"_links":{"self":[{"href":"https:\/\/www.ecolegabrieldeshayes.fr\/blog\/index.php?rest_route=\/wp\/v2\/posts\/4770","targetHints":{"allow":["GET"]}}],"collection":[{"href":"https:\/\/www.ecolegabrieldeshayes.fr\/blog\/index.php?rest_route=\/wp\/v2\/posts"}],"about":[{"href":"https:\/\/www.ecolegabrieldeshayes.fr\/blog\/index.php?rest_route=\/wp\/v2\/types\/post"}],"author":[{"embeddable":true,"href":"https:\/\/www.ecolegabrieldeshayes.fr\/blog\/index.php?rest_route=\/wp\/v2\/users\/6"}],"replies":[{"embeddable":true,"href":"https:\/\/www.ecolegabrieldeshayes.fr\/blog\/index.php?rest_route=%2Fwp%2Fv2%2Fcomments&post=4770"}],"version-history":[{"count":1,"href":"https:\/\/www.ecolegabrieldeshayes.fr\/blog\/index.php?rest_route=\/wp\/v2\/posts\/4770\/revisions"}],"predecessor-version":[{"id":4772,"href":"https:\/\/www.ecolegabrieldeshayes.fr\/blog\/index.php?rest_route=\/wp\/v2\/posts\/4770\/revisions\/4772"}],"wp:attachment":[{"href":"https:\/\/www.ecolegabrieldeshayes.fr\/blog\/index.php?rest_route=%2Fwp%2Fv2%2Fmedia&parent=4770"}],"wp:term":[{"taxonomy":"category","embeddable":true,"href":"https:\/\/www.ecolegabrieldeshayes.fr\/blog\/index.php?rest_route=%2Fwp%2Fv2%2Fcategories&post=4770"},{"taxonomy":"post_tag","embeddable":true,"href":"https:\/\/www.ecolegabrieldeshayes.fr\/blog\/index.php?rest_route=%2Fwp%2Fv2%2Ftags&post=4770"}],"curies":[{"name":"wp","href":"https:\/\/api.w.org\/{rel}","templated":true}]}}