{"id":4804,"date":"2022-03-16T12:12:51","date_gmt":"2022-03-16T11:12:51","guid":{"rendered":"http:\/\/www.ecolegabrieldeshayes.fr\/blog\/?p=4804"},"modified":"2022-03-16T12:12:51","modified_gmt":"2022-03-16T11:12:51","slug":"des-tablettes-numeriques-en-geographie","status":"publish","type":"post","link":"https:\/\/www.ecolegabrieldeshayes.fr\/blog\/?p=4804","title":{"rendered":"Des tablettes num\u00e9riques en g\u00e9ographie !"},"content":{"rendered":"\n<figure class=\"wp-block-image size-large\"><img loading=\"lazy\" decoding=\"async\" width=\"1024\" height=\"768\" src=\"https:\/\/www.ecolegabrieldeshayes.fr\/blog\/wp-content\/uploads\/IMG_20220314_140115-1024x768.jpg\" alt=\"\" class=\"wp-image-4805\" srcset=\"https:\/\/www.ecolegabrieldeshayes.fr\/blog\/wp-content\/uploads\/IMG_20220314_140115-1024x768.jpg 1024w, https:\/\/www.ecolegabrieldeshayes.fr\/blog\/wp-content\/uploads\/IMG_20220314_140115-300x225.jpg 300w, https:\/\/www.ecolegabrieldeshayes.fr\/blog\/wp-content\/uploads\/IMG_20220314_140115-768x576.jpg 768w, https:\/\/www.ecolegabrieldeshayes.fr\/blog\/wp-content\/uploads\/IMG_20220314_140115-1536x1152.jpg 1536w, https:\/\/www.ecolegabrieldeshayes.fr\/blog\/wp-content\/uploads\/IMG_20220314_140115-scaled.jpg 2048w\" sizes=\"auto, (max-width: 767px) 89vw, (max-width: 1000px) 54vw, (max-width: 1071px) 543px, 580px\" \/><\/figure>\n\n\n\n<p>Les CM2 ont eu la joie d&rsquo;utiliser des tablettes ou l&rsquo;ordinateur durant une s\u00e9ance de g\u00e9ographie. Le th\u00e8me travaill\u00e9 actuellement \u00e9tant \u00ab\u00a0communiquer d&rsquo;un bout \u00e0 l&rsquo;autre du monde gr\u00e2ce \u00e0 Internet\u00a0\u00bb.<\/p>\n\n\n\n<p>Pas toujours facile de chercher des informations sur un autre support que le papier !<\/p>\n\n\n\n<p>Voici quelques photos : <a href=\"https:\/\/photos.app.goo.gl\/KH4KQK7meRQt9WpD8\">https:\/\/photos.app.goo.gl\/KH4KQK7meRQt9WpD8<\/a><\/p>\n","protected":false},"excerpt":{"rendered":"<p>Les CM2 ont eu la joie d&rsquo;utiliser des tablettes ou l&rsquo;ordinateur durant une s\u00e9ance de g\u00e9ographie. Le th\u00e8me travaill\u00e9 actuellement \u00e9tant \u00ab\u00a0communiquer d&rsquo;un bout \u00e0 l&rsquo;autre du monde gr\u00e2ce \u00e0 Internet\u00a0\u00bb. Pas toujours facile de chercher des informations sur un autre support que le papier ! Voici quelques photos : https:\/\/photos.app.goo.gl\/KH4KQK7meRQt9WpD8<\/p>\n","protected":false},"author":21,"featured_media":0,"comment_status":"closed","ping_status":"open","sticky":false,"template":"","format":"standard","meta":{"footnotes":""},"categories":[7,1],"tags":[],"class_list":["post-4804","post","type-post","status-publish","format-standard","hentry","category-cycle-3","category-non-classe"],"_links":{"self":[{"href":"https:\/\/www.ecolegabrieldeshayes.fr\/blog\/index.php?rest_route=\/wp\/v2\/posts\/4804","targetHints":{"allow":["GET"]}}],"collection":[{"href":"https:\/\/www.ecolegabrieldeshayes.fr\/blog\/index.php?rest_route=\/wp\/v2\/posts"}],"about":[{"href":"https:\/\/www.ecolegabrieldeshayes.fr\/blog\/index.php?rest_route=\/wp\/v2\/types\/post"}],"author":[{"embeddable":true,"href":"https:\/\/www.ecolegabrieldeshayes.fr\/blog\/index.php?rest_route=\/wp\/v2\/users\/21"}],"replies":[{"embeddable":true,"href":"https:\/\/www.ecolegabrieldeshayes.fr\/blog\/index.php?rest_route=%2Fwp%2Fv2%2Fcomments&post=4804"}],"version-history":[{"count":1,"href":"https:\/\/www.ecolegabrieldeshayes.fr\/blog\/index.php?rest_route=\/wp\/v2\/posts\/4804\/revisions"}],"predecessor-version":[{"id":4806,"href":"https:\/\/www.ecolegabrieldeshayes.fr\/blog\/index.php?rest_route=\/wp\/v2\/posts\/4804\/revisions\/4806"}],"wp:attachment":[{"href":"https:\/\/www.ecolegabrieldeshayes.fr\/blog\/index.php?rest_route=%2Fwp%2Fv2%2Fmedia&parent=4804"}],"wp:term":[{"taxonomy":"category","embeddable":true,"href":"https:\/\/www.ecolegabrieldeshayes.fr\/blog\/index.php?rest_route=%2Fwp%2Fv2%2Fcategories&post=4804"},{"taxonomy":"post_tag","embeddable":true,"href":"https:\/\/www.ecolegabrieldeshayes.fr\/blog\/index.php?rest_route=%2Fwp%2Fv2%2Ftags&post=4804"}],"curies":[{"name":"wp","href":"https:\/\/api.w.org\/{rel}","templated":true}]}}