{"id":4810,"date":"2022-03-17T16:43:36","date_gmt":"2022-03-17T15:43:36","guid":{"rendered":"http:\/\/www.ecolegabrieldeshayes.fr\/blog\/?p=4810"},"modified":"2022-03-17T16:43:36","modified_gmt":"2022-03-17T15:43:36","slug":"la-semaine-des-mathematiques-vecue-et-expliquee-par-les-ce2-cm1","status":"publish","type":"post","link":"https:\/\/www.ecolegabrieldeshayes.fr\/blog\/?p=4810","title":{"rendered":"La semaine des math\u00e9matiques v\u00e9cue et expliqu\u00e9e par les ce2-cm1"},"content":{"rendered":"\n<p><strong><em><u>\u00ab&nbsp;Math\u00e9magie&nbsp;: explorer la magie des maths pour s\u2019amuser.&nbsp;\u00bb<\/u><\/em><\/strong><\/p>\n\n\n\n<p>\u00ab\u00a0Tous les matins, nous faisons nos rituels. Notre planning est charg\u00e9. Nous avons donc\u00a0<em>\u00ab\u00a0du pain sur la planche\u00a0\u00bb.<\/em>\u00a0\u00bb <strong>Titwan<\/strong><\/p>\n\n\n\n<p>\u00ab Et oui, le matin nous d\u00e9couvrons des tours de magie. Seulement lors de la semaine des math\u00e9matiques sinon nous aurions \u00ab\u00a0<em>la t\u00eate en compote\u00a0!<\/em>\u00a0\u00bb\u00a0\u00bb <strong>Lou-Ann<\/strong><\/p>\n\n\n\n<p>\u00ab\u00a0Cette semaine, c\u2019est la semaine des maths et nous faisons des tours de magie.\u00a0\u00bb <strong>Elsa<\/strong><\/p>\n\n\n\n<p>\u00ab\u00a0Nous les d\u00e9couvrons avec une petite vid\u00e9o.\u00a0\u00bb <strong>Nathana\u00ebl<\/strong><\/p>\n\n\n\n<p>\u00ab\u00a0Ces vid\u00e9os sont r\u00e9alis\u00e9es par des Qu\u00e9b\u00e9cois.\u00a0\u00bb <strong>Corentin<\/strong><\/p>\n\n\n\n<p>\u00ab\u00a0Moi je les adore car ils sont intrigants mais simples \u00e0 refaire.\u00a0\u00bb <strong>Pauline<\/strong><\/p>\n\n\n\n<p>\u00ab\u00a0Ce n\u2019est pas dur \u00e0 faire et c\u2019est dr\u00f4le\u00a0!\u00a0\u00bb <strong>Phil\u00e9as<\/strong><\/p>\n\n\n\n<p>\u00ab\u00a0La maitresse nous montre et nous explique des tours tous les jours.\u00a0\u00bb <strong>Gabriel<\/strong><\/p>\n\n\n\n<p>\u00ab\u00a0Ensuite, nous essayons le tour entre nous.\u00a0\u00bb <strong>Emma, L\u00e9o, Ninon<\/strong><\/p>\n\n\n\n<p>\u00ab\u00a0On peut les faire \u00e0 notre famille.\u00a0\u00bb <strong>Oph\u00e9lie, Lucas<\/strong><\/p>\n\n\n\n<p>\u00ab\u00a0Lors des cours de math\u00e9matiques, nous avons refait les tours \u00e0 une autre classe.\u00a0\u00bb <strong>Achille<\/strong><\/p>\n\n\n\n<p>\u00ab\u00a0Voici les tours que nous avons appris\u00a0: le nombre myst\u00e8re, revirement de situation et le rayon x.\u00a0\u00bb <strong>Eva<\/strong><\/p>\n\n\n\n<p>\u00ab\u00a0Mon tour pr\u00e9f\u00e9r\u00e9 c\u2019est le nombre myst\u00e8re. Ce tour se joue \u00e0 deux.\u00a0\u00bb <strong>Laura, Nino<\/strong><\/p>\n\n\n\n<p>\u00ab\u00a0Mon tour de magie pr\u00e9f\u00e9r\u00e9 est aussi le nombre myst\u00e8re. Mais je ne vais pas vous dire la solution car c\u2019est un secret\u00a0! \u00bb <strong>Malou<\/strong><\/p>\n\n\n\n<p>\u00ab\u00a0Sinon j\u2019ai bien aim\u00e9 le tour 2 \u00ab\u00a0revirement de situation\u00a0\u00bb.\u00a0\u00bb <strong>L\u00e9lla<\/strong><\/p>\n\n\n\n<p>\u00ab\u00a0J\u2019ai montr\u00e9 les tours de magie \u00e0 mes parents. Ils n\u2019ont rien compris. C\u2019\u00e9tait dr\u00f4le. Belle semaine des maths\u00a0!\u00a0\u00bb <strong>Louise<\/strong><\/p>\n\n\n\n<p>\u00ab\u00a0Nous faisons aussi des jeux et des ateliers. C\u2019est bien.\u00a0\u00bb <strong>Emeric<\/strong><\/p>\n\n\n\n<p>\u00ab\u00a0J\u2019aime beaucoup cette semaine des math\u00e9matiques\u00a0!\u00a0\u00bb <strong>Camille<\/strong><\/p>\n","protected":false},"excerpt":{"rendered":"<p>\u00ab&nbsp;Math\u00e9magie&nbsp;: explorer la magie des maths pour s\u2019amuser.&nbsp;\u00bb \u00ab\u00a0Tous les matins, nous faisons nos rituels. Notre planning est charg\u00e9. Nous avons donc\u00a0\u00ab\u00a0du pain sur la planche\u00a0\u00bb.\u00a0\u00bb Titwan \u00ab Et oui, le matin nous d\u00e9couvrons des tours de magie. Seulement lors de la semaine des math\u00e9matiques sinon nous aurions \u00ab\u00a0la t\u00eate en compote\u00a0!\u00a0\u00bb\u00a0\u00bb Lou-Ann \u00ab\u00a0Cette semaine, &hellip; <\/p>\n<p class=\"link-more\"><a href=\"https:\/\/www.ecolegabrieldeshayes.fr\/blog\/?p=4810\" class=\"more-link\">Continuer la lecture<span class=\"screen-reader-text\"> de &laquo;&nbsp;La semaine des math\u00e9matiques v\u00e9cue et expliqu\u00e9e par les ce2-cm1&nbsp;&raquo;<\/span><\/a><\/p>\n","protected":false},"author":23,"featured_media":0,"comment_status":"closed","ping_status":"open","sticky":false,"template":"","format":"standard","meta":{"footnotes":""},"categories":[1],"tags":[],"class_list":["post-4810","post","type-post","status-publish","format-standard","hentry","category-non-classe"],"_links":{"self":[{"href":"https:\/\/www.ecolegabrieldeshayes.fr\/blog\/index.php?rest_route=\/wp\/v2\/posts\/4810","targetHints":{"allow":["GET"]}}],"collection":[{"href":"https:\/\/www.ecolegabrieldeshayes.fr\/blog\/index.php?rest_route=\/wp\/v2\/posts"}],"about":[{"href":"https:\/\/www.ecolegabrieldeshayes.fr\/blog\/index.php?rest_route=\/wp\/v2\/types\/post"}],"author":[{"embeddable":true,"href":"https:\/\/www.ecolegabrieldeshayes.fr\/blog\/index.php?rest_route=\/wp\/v2\/users\/23"}],"replies":[{"embeddable":true,"href":"https:\/\/www.ecolegabrieldeshayes.fr\/blog\/index.php?rest_route=%2Fwp%2Fv2%2Fcomments&post=4810"}],"version-history":[{"count":1,"href":"https:\/\/www.ecolegabrieldeshayes.fr\/blog\/index.php?rest_route=\/wp\/v2\/posts\/4810\/revisions"}],"predecessor-version":[{"id":4811,"href":"https:\/\/www.ecolegabrieldeshayes.fr\/blog\/index.php?rest_route=\/wp\/v2\/posts\/4810\/revisions\/4811"}],"wp:attachment":[{"href":"https:\/\/www.ecolegabrieldeshayes.fr\/blog\/index.php?rest_route=%2Fwp%2Fv2%2Fmedia&parent=4810"}],"wp:term":[{"taxonomy":"category","embeddable":true,"href":"https:\/\/www.ecolegabrieldeshayes.fr\/blog\/index.php?rest_route=%2Fwp%2Fv2%2Fcategories&post=4810"},{"taxonomy":"post_tag","embeddable":true,"href":"https:\/\/www.ecolegabrieldeshayes.fr\/blog\/index.php?rest_route=%2Fwp%2Fv2%2Ftags&post=4810"}],"curies":[{"name":"wp","href":"https:\/\/api.w.org\/{rel}","templated":true}]}}