{"id":4812,"date":"2022-03-18T09:10:22","date_gmt":"2022-03-18T08:10:22","guid":{"rendered":"http:\/\/www.ecolegabrieldeshayes.fr\/blog\/?p=4812"},"modified":"2022-03-18T09:10:22","modified_gmt":"2022-03-18T08:10:22","slug":"semaine-des-mathematiques-2022-chez-les-cm2-1","status":"publish","type":"post","link":"https:\/\/www.ecolegabrieldeshayes.fr\/blog\/?p=4812","title":{"rendered":"Semaine des math\u00e9matiques 2022 chez les CM2.1"},"content":{"rendered":"\n<figure class=\"wp-block-image size-large\"><img loading=\"lazy\" decoding=\"async\" width=\"1024\" height=\"768\" src=\"https:\/\/www.ecolegabrieldeshayes.fr\/blog\/wp-content\/uploads\/IMG_20220318_075743-1024x768.jpg\" alt=\"\" class=\"wp-image-4813\" srcset=\"https:\/\/www.ecolegabrieldeshayes.fr\/blog\/wp-content\/uploads\/IMG_20220318_075743-1024x768.jpg 1024w, https:\/\/www.ecolegabrieldeshayes.fr\/blog\/wp-content\/uploads\/IMG_20220318_075743-300x225.jpg 300w, https:\/\/www.ecolegabrieldeshayes.fr\/blog\/wp-content\/uploads\/IMG_20220318_075743-768x576.jpg 768w, https:\/\/www.ecolegabrieldeshayes.fr\/blog\/wp-content\/uploads\/IMG_20220318_075743-1536x1152.jpg 1536w, https:\/\/www.ecolegabrieldeshayes.fr\/blog\/wp-content\/uploads\/IMG_20220318_075743-scaled.jpg 2048w\" sizes=\"auto, (max-width: 767px) 89vw, (max-width: 1000px) 54vw, (max-width: 1071px) 543px, 580px\" \/><\/figure>\n\n\n\n<p>Cette semaine avait lieu la semaine des maths. Les CM2 ont r\u00e9alis\u00e9 diff\u00e9rents d\u00e9fis, exercices en lien avec les math\u00e9matiques : d\u00e9couverte de math\u00e9maticiens \/ math\u00e9maticiennes, \u00e9nigmes de maths, d\u00e9couverte d&rsquo;oeuvres artistiques en lien avec les formes g\u00e9om\u00e9triques. Ils ont \u00e9galement jou\u00e9 au \u00ab\u00a0compte est bon\u00a0\u00bb chaque matin, le but du jeu : trouver le nombre demand\u00e9 en utilisant 4 chiffres impos\u00e9s avec n&rsquo;importe quelle technique op\u00e9ratoire. Aussi, ils ont r\u00e9fl\u00e9chi au d\u00e9fi maths n\u00b03 propos\u00e9 par la DDEC : r\u00e9flexion, travail de groupe, recherche de solution, savoir expliquer son raisonnement&#8230;<\/p>\n\n\n\n<p>Voici quelques photos : <a href=\"https:\/\/photos.app.goo.gl\/UsmeGY5L9hhuC8CF8\">https:\/\/photos.app.goo.gl\/UsmeGY5L9hhuC8CF8<\/a><\/p>\n","protected":false},"excerpt":{"rendered":"<p>Cette semaine avait lieu la semaine des maths. Les CM2 ont r\u00e9alis\u00e9 diff\u00e9rents d\u00e9fis, exercices en lien avec les math\u00e9matiques : d\u00e9couverte de math\u00e9maticiens \/ math\u00e9maticiennes, \u00e9nigmes de maths, d\u00e9couverte d&rsquo;oeuvres artistiques en lien avec les formes g\u00e9om\u00e9triques. Ils ont \u00e9galement jou\u00e9 au \u00ab\u00a0compte est bon\u00a0\u00bb chaque matin, le but du jeu : trouver le &hellip; <\/p>\n<p class=\"link-more\"><a href=\"https:\/\/www.ecolegabrieldeshayes.fr\/blog\/?p=4812\" class=\"more-link\">Continuer la lecture<span class=\"screen-reader-text\"> de &laquo;&nbsp;Semaine des math\u00e9matiques 2022 chez les CM2.1&nbsp;&raquo;<\/span><\/a><\/p>\n","protected":false},"author":21,"featured_media":0,"comment_status":"closed","ping_status":"open","sticky":false,"template":"","format":"standard","meta":{"footnotes":""},"categories":[7,1],"tags":[],"class_list":["post-4812","post","type-post","status-publish","format-standard","hentry","category-cycle-3","category-non-classe"],"_links":{"self":[{"href":"https:\/\/www.ecolegabrieldeshayes.fr\/blog\/index.php?rest_route=\/wp\/v2\/posts\/4812","targetHints":{"allow":["GET"]}}],"collection":[{"href":"https:\/\/www.ecolegabrieldeshayes.fr\/blog\/index.php?rest_route=\/wp\/v2\/posts"}],"about":[{"href":"https:\/\/www.ecolegabrieldeshayes.fr\/blog\/index.php?rest_route=\/wp\/v2\/types\/post"}],"author":[{"embeddable":true,"href":"https:\/\/www.ecolegabrieldeshayes.fr\/blog\/index.php?rest_route=\/wp\/v2\/users\/21"}],"replies":[{"embeddable":true,"href":"https:\/\/www.ecolegabrieldeshayes.fr\/blog\/index.php?rest_route=%2Fwp%2Fv2%2Fcomments&post=4812"}],"version-history":[{"count":1,"href":"https:\/\/www.ecolegabrieldeshayes.fr\/blog\/index.php?rest_route=\/wp\/v2\/posts\/4812\/revisions"}],"predecessor-version":[{"id":4814,"href":"https:\/\/www.ecolegabrieldeshayes.fr\/blog\/index.php?rest_route=\/wp\/v2\/posts\/4812\/revisions\/4814"}],"wp:attachment":[{"href":"https:\/\/www.ecolegabrieldeshayes.fr\/blog\/index.php?rest_route=%2Fwp%2Fv2%2Fmedia&parent=4812"}],"wp:term":[{"taxonomy":"category","embeddable":true,"href":"https:\/\/www.ecolegabrieldeshayes.fr\/blog\/index.php?rest_route=%2Fwp%2Fv2%2Fcategories&post=4812"},{"taxonomy":"post_tag","embeddable":true,"href":"https:\/\/www.ecolegabrieldeshayes.fr\/blog\/index.php?rest_route=%2Fwp%2Fv2%2Ftags&post=4812"}],"curies":[{"name":"wp","href":"https:\/\/api.w.org\/{rel}","templated":true}]}}