{"id":4816,"date":"2022-03-18T12:14:05","date_gmt":"2022-03-18T11:14:05","guid":{"rendered":"http:\/\/www.ecolegabrieldeshayes.fr\/blog\/?p=4816"},"modified":"2022-03-18T12:16:02","modified_gmt":"2022-03-18T11:16:02","slug":"le-circuit-du-livre-en-cm1","status":"publish","type":"post","link":"https:\/\/www.ecolegabrieldeshayes.fr\/blog\/?p=4816","title":{"rendered":"Le circuit du livre en CM1"},"content":{"rendered":"\n<p>Ce vendredi 18 mars, la classe de CM1 s&rsquo;est rendue \u00e0 la m\u00e9diath\u00e8que d&rsquo;Auray pour suivre une intervention sur le livre.<\/p>\n\n\n\n<p>Marion nous a accueillis et nous a expliqu\u00e9 comment se fabriquait un livre, de l&rsquo;auteur \u00e0 la librairie.<\/p>\n\n\n\n<figure class=\"wp-block-image size-large\"><img loading=\"lazy\" decoding=\"async\" width=\"1024\" height=\"371\" src=\"https:\/\/www.ecolegabrieldeshayes.fr\/blog\/wp-content\/uploads\/IMG_20220318_101801-1-1024x371.jpg\" alt=\"\" class=\"wp-image-4818\" srcset=\"https:\/\/www.ecolegabrieldeshayes.fr\/blog\/wp-content\/uploads\/IMG_20220318_101801-1-1024x371.jpg 1024w, https:\/\/www.ecolegabrieldeshayes.fr\/blog\/wp-content\/uploads\/IMG_20220318_101801-1-300x109.jpg 300w, https:\/\/www.ecolegabrieldeshayes.fr\/blog\/wp-content\/uploads\/IMG_20220318_101801-1-768x278.jpg 768w, https:\/\/www.ecolegabrieldeshayes.fr\/blog\/wp-content\/uploads\/IMG_20220318_101801-1-1536x557.jpg 1536w, https:\/\/www.ecolegabrieldeshayes.fr\/blog\/wp-content\/uploads\/IMG_20220318_101801-1-scaled.jpg 2048w\" sizes=\"auto, (max-width: 767px) 89vw, (max-width: 1000px) 54vw, (max-width: 1071px) 543px, 580px\" \/><\/figure>\n\n\n\n<p>Nous avons pu ainsi comprendre ce circuit qui commence par l&rsquo;auteur, se poursuit avec l&rsquo;\u00e9diteur, les lecteurs, le correcteur, l&rsquo;illustrateur, l&rsquo;imprimeur et se finalise avec le distributeur et les libraires.<\/p>\n\n\n\n<p>Nous avons termin\u00e9 cette visite par le choix et l&#8217;emprunt d&rsquo;un livre de notre choix.<\/p>\n\n\n\n<p>Les photos : <a href=\"https:\/\/photos.app.goo.gl\/mHHAjoKs6Pcuv7Ac6\">ICI<\/a><\/p>\n\n\n\n<p>Merci \u00e0 Marion<\/p>\n","protected":false},"excerpt":{"rendered":"<p>Ce vendredi 18 mars, la classe de CM1 s&rsquo;est rendue \u00e0 la m\u00e9diath\u00e8que d&rsquo;Auray pour suivre une intervention sur le livre. Marion nous a accueillis et nous a expliqu\u00e9 comment se fabriquait un livre, de l&rsquo;auteur \u00e0 la librairie. Nous avons pu ainsi comprendre ce circuit qui commence par l&rsquo;auteur, se poursuit avec l&rsquo;\u00e9diteur, les &hellip; <\/p>\n<p class=\"link-more\"><a href=\"https:\/\/www.ecolegabrieldeshayes.fr\/blog\/?p=4816\" class=\"more-link\">Continuer la lecture<span class=\"screen-reader-text\"> de &laquo;&nbsp;Le circuit du livre en CM1&nbsp;&raquo;<\/span><\/a><\/p>\n","protected":false},"author":6,"featured_media":0,"comment_status":"closed","ping_status":"open","sticky":false,"template":"","format":"standard","meta":{"footnotes":""},"categories":[7,1],"tags":[],"class_list":["post-4816","post","type-post","status-publish","format-standard","hentry","category-cycle-3","category-non-classe"],"_links":{"self":[{"href":"https:\/\/www.ecolegabrieldeshayes.fr\/blog\/index.php?rest_route=\/wp\/v2\/posts\/4816","targetHints":{"allow":["GET"]}}],"collection":[{"href":"https:\/\/www.ecolegabrieldeshayes.fr\/blog\/index.php?rest_route=\/wp\/v2\/posts"}],"about":[{"href":"https:\/\/www.ecolegabrieldeshayes.fr\/blog\/index.php?rest_route=\/wp\/v2\/types\/post"}],"author":[{"embeddable":true,"href":"https:\/\/www.ecolegabrieldeshayes.fr\/blog\/index.php?rest_route=\/wp\/v2\/users\/6"}],"replies":[{"embeddable":true,"href":"https:\/\/www.ecolegabrieldeshayes.fr\/blog\/index.php?rest_route=%2Fwp%2Fv2%2Fcomments&post=4816"}],"version-history":[{"count":4,"href":"https:\/\/www.ecolegabrieldeshayes.fr\/blog\/index.php?rest_route=\/wp\/v2\/posts\/4816\/revisions"}],"predecessor-version":[{"id":4822,"href":"https:\/\/www.ecolegabrieldeshayes.fr\/blog\/index.php?rest_route=\/wp\/v2\/posts\/4816\/revisions\/4822"}],"wp:attachment":[{"href":"https:\/\/www.ecolegabrieldeshayes.fr\/blog\/index.php?rest_route=%2Fwp%2Fv2%2Fmedia&parent=4816"}],"wp:term":[{"taxonomy":"category","embeddable":true,"href":"https:\/\/www.ecolegabrieldeshayes.fr\/blog\/index.php?rest_route=%2Fwp%2Fv2%2Fcategories&post=4816"},{"taxonomy":"post_tag","embeddable":true,"href":"https:\/\/www.ecolegabrieldeshayes.fr\/blog\/index.php?rest_route=%2Fwp%2Fv2%2Ftags&post=4816"}],"curies":[{"name":"wp","href":"https:\/\/api.w.org\/{rel}","templated":true}]}}