{"id":4835,"date":"2022-03-21T13:30:21","date_gmt":"2022-03-21T12:30:21","guid":{"rendered":"http:\/\/www.ecolegabrieldeshayes.fr\/blog\/?p=4835"},"modified":"2022-04-08T16:04:00","modified_gmt":"2022-04-08T14:04:00","slug":"waterfamily-et-france-3-en-classe-de-cm1","status":"publish","type":"post","link":"https:\/\/www.ecolegabrieldeshayes.fr\/blog\/?p=4835","title":{"rendered":"Waterfamily et France 3 en classe de CM1"},"content":{"rendered":"\n<p>Ce lundi 21 mars, l&rsquo;association Waterfamily est intervenue en classe de CM1.<\/p>\n\n\n\n<p>Cette intervention a pour but de sensibiliser les enfants \u00e0 la pr\u00e9servation de l&rsquo;eau, de les sensibiliser et de leur donner des cl\u00e9s pour consommer responsable.<\/p>\n\n\n\n<figure class=\"wp-block-image size-large\"><img loading=\"lazy\" decoding=\"async\" width=\"1024\" height=\"768\" src=\"https:\/\/www.ecolegabrieldeshayes.fr\/blog\/wp-content\/uploads\/IMG_20220321_100751-1024x768.jpg\" alt=\"\" class=\"wp-image-4836\" srcset=\"https:\/\/www.ecolegabrieldeshayes.fr\/blog\/wp-content\/uploads\/IMG_20220321_100751-1024x768.jpg 1024w, https:\/\/www.ecolegabrieldeshayes.fr\/blog\/wp-content\/uploads\/IMG_20220321_100751-300x225.jpg 300w, https:\/\/www.ecolegabrieldeshayes.fr\/blog\/wp-content\/uploads\/IMG_20220321_100751-768x576.jpg 768w, https:\/\/www.ecolegabrieldeshayes.fr\/blog\/wp-content\/uploads\/IMG_20220321_100751-1536x1152.jpg 1536w, https:\/\/www.ecolegabrieldeshayes.fr\/blog\/wp-content\/uploads\/IMG_20220321_100751-scaled.jpg 2048w\" sizes=\"auto, (max-width: 767px) 89vw, (max-width: 1000px) 54vw, (max-width: 1071px) 543px, 580px\" \/><\/figure>\n\n\n\n<p>France 3 souhaitant suivre l&rsquo;association dans une \u00e9cole du Morbihan, la classe de CM1 a \u00e9t\u00e9 sollicit\u00e9e pour \u00eatre film\u00e9e et interview\u00e9e sur les actions men\u00e9es \u00e0 l&rsquo;\u00e9cole et \u00e0 la maison.<\/p>\n\n\n\n<figure class=\"wp-block-image size-large\"><img loading=\"lazy\" decoding=\"async\" width=\"1024\" height=\"768\" src=\"https:\/\/www.ecolegabrieldeshayes.fr\/blog\/wp-content\/uploads\/IMG_20220321_091921-1024x768.jpg\" alt=\"\" class=\"wp-image-4837\" srcset=\"https:\/\/www.ecolegabrieldeshayes.fr\/blog\/wp-content\/uploads\/IMG_20220321_091921-1024x768.jpg 1024w, https:\/\/www.ecolegabrieldeshayes.fr\/blog\/wp-content\/uploads\/IMG_20220321_091921-300x225.jpg 300w, https:\/\/www.ecolegabrieldeshayes.fr\/blog\/wp-content\/uploads\/IMG_20220321_091921-768x576.jpg 768w, https:\/\/www.ecolegabrieldeshayes.fr\/blog\/wp-content\/uploads\/IMG_20220321_091921-1536x1152.jpg 1536w, https:\/\/www.ecolegabrieldeshayes.fr\/blog\/wp-content\/uploads\/IMG_20220321_091921-scaled.jpg 2048w\" sizes=\"auto, (max-width: 767px) 89vw, (max-width: 1000px) 54vw, (max-width: 1071px) 543px, 580px\" \/><\/figure>\n\n\n\n<p>L&rsquo;\u00e9cole Gabriel Deshayes essaie de sensibiliser les \u00e9l\u00e8ves \u00e0 la protection de l&rsquo;environnement. Elle fait de la pr\u00e9vention : en sciences, en g\u00e9ographie, en arts avec le tri des d\u00e9chets, la pr\u00e9servation de l&rsquo;eau, la nature en ville, les \u00e9co-quartiers, le recyclage artistique, et aussi des actions solidaires avec les piles solidaires, toutes pompes dehors, le recyclage des crayons, du papier&#8230;<\/p>\n\n\n\n<p>Le reportage devrait passer dans le journal de France 3 Bretagne de 11h53 et de 18h53.<\/p>\n\n\n\n<p>Ici des photos de cette matin\u00e9e : <a href=\"https:\/\/photos.app.goo.gl\/GctibLRNHwQKzHWcA\">PHOTOS<\/a><\/p>\n\n\n\n<p>Voici un extrait du reportage :<\/p>\n\n\n\n<figure class=\"wp-block-embed is-type-video is-provider-youtube wp-block-embed-youtube wp-embed-aspect-16-9 wp-has-aspect-ratio\"><div class=\"wp-block-embed__wrapper\">\n<iframe loading=\"lazy\" title=\"6 avril 2022\" width=\"525\" height=\"295\" src=\"https:\/\/www.youtube.com\/embed\/YpTcBV-RF_0?feature=oembed\" frameborder=\"0\" allow=\"accelerometer; autoplay; clipboard-write; encrypted-media; gyroscope; picture-in-picture; web-share\" referrerpolicy=\"strict-origin-when-cross-origin\" allowfullscreen><\/iframe>\n<\/div><\/figure>\n\n\n\n<p>Vous pouvez aussi la regarder en replay !<\/p>\n\n\n\n<p><a href=\"https:\/\/www.france.tv\/france-3\/bretagne\/18h30-la-suite-bretagne\/3289777-emission-du-mardi-5-avril-2022.html\">https:\/\/www.france.tv\/france-3\/bretagne\/18h30-la-suite-bretagne\/3289777-emission-du-mardi-5-avril-2022.html<\/a><\/p>\n\n\n\n<p><\/p>\n","protected":false},"excerpt":{"rendered":"<p>Ce lundi 21 mars, l&rsquo;association Waterfamily est intervenue en classe de CM1. Cette intervention a pour but de sensibiliser les enfants \u00e0 la pr\u00e9servation de l&rsquo;eau, de les sensibiliser et de leur donner des cl\u00e9s pour consommer responsable. France 3 souhaitant suivre l&rsquo;association dans une \u00e9cole du Morbihan, la classe de CM1 a \u00e9t\u00e9 sollicit\u00e9e &hellip; <\/p>\n<p class=\"link-more\"><a href=\"https:\/\/www.ecolegabrieldeshayes.fr\/blog\/?p=4835\" class=\"more-link\">Continuer la lecture<span class=\"screen-reader-text\"> de &laquo;&nbsp;Waterfamily et France 3 en classe de CM1&nbsp;&raquo;<\/span><\/a><\/p>\n","protected":false},"author":6,"featured_media":0,"comment_status":"closed","ping_status":"open","sticky":false,"template":"","format":"standard","meta":{"footnotes":""},"categories":[7,1],"tags":[],"class_list":["post-4835","post","type-post","status-publish","format-standard","hentry","category-cycle-3","category-non-classe"],"_links":{"self":[{"href":"https:\/\/www.ecolegabrieldeshayes.fr\/blog\/index.php?rest_route=\/wp\/v2\/posts\/4835","targetHints":{"allow":["GET"]}}],"collection":[{"href":"https:\/\/www.ecolegabrieldeshayes.fr\/blog\/index.php?rest_route=\/wp\/v2\/posts"}],"about":[{"href":"https:\/\/www.ecolegabrieldeshayes.fr\/blog\/index.php?rest_route=\/wp\/v2\/types\/post"}],"author":[{"embeddable":true,"href":"https:\/\/www.ecolegabrieldeshayes.fr\/blog\/index.php?rest_route=\/wp\/v2\/users\/6"}],"replies":[{"embeddable":true,"href":"https:\/\/www.ecolegabrieldeshayes.fr\/blog\/index.php?rest_route=%2Fwp%2Fv2%2Fcomments&post=4835"}],"version-history":[{"count":3,"href":"https:\/\/www.ecolegabrieldeshayes.fr\/blog\/index.php?rest_route=\/wp\/v2\/posts\/4835\/revisions"}],"predecessor-version":[{"id":4846,"href":"https:\/\/www.ecolegabrieldeshayes.fr\/blog\/index.php?rest_route=\/wp\/v2\/posts\/4835\/revisions\/4846"}],"wp:attachment":[{"href":"https:\/\/www.ecolegabrieldeshayes.fr\/blog\/index.php?rest_route=%2Fwp%2Fv2%2Fmedia&parent=4835"}],"wp:term":[{"taxonomy":"category","embeddable":true,"href":"https:\/\/www.ecolegabrieldeshayes.fr\/blog\/index.php?rest_route=%2Fwp%2Fv2%2Fcategories&post=4835"},{"taxonomy":"post_tag","embeddable":true,"href":"https:\/\/www.ecolegabrieldeshayes.fr\/blog\/index.php?rest_route=%2Fwp%2Fv2%2Ftags&post=4835"}],"curies":[{"name":"wp","href":"https:\/\/api.w.org\/{rel}","templated":true}]}}