{"id":4858,"date":"2022-04-28T19:27:19","date_gmt":"2022-04-28T17:27:19","guid":{"rendered":"http:\/\/www.ecolegabrieldeshayes.fr\/blog\/?p=4858"},"modified":"2022-04-28T19:27:19","modified_gmt":"2022-04-28T17:27:19","slug":"ecole-et-cinema-pour-les-ms-gs-et-ms","status":"publish","type":"post","link":"https:\/\/www.ecolegabrieldeshayes.fr\/blog\/?p=4858","title":{"rendered":"Ecole et cin\u00e9ma pour les MS\/GS et MS"},"content":{"rendered":"\n<p>Ce jeudi 28 avril, les \u00e9l\u00e8ves de MS\/GS de Luciana et MS de Virginie sont all\u00e9s au cin\u00e9ma Ti Hanok dans le cadre du projet Ecole et cin\u00e9ma.<br>Ils ont pu voir quatre courts m\u00e9trages abordant le th\u00e8me de la Biodiversit\u00e9 : \u00ab\u00a0Les Mal-Aim\u00e9s\u00a0\u00bb. Ces films pr\u00e9sentent avec douceur et tendresse l&rsquo;univers de petits \u00eatres de la nature souvent \u00ab\u00a0mal-aim\u00e9s\u00a0\u00bb en raison d&rsquo;une mauvaise r\u00e9putation.<br>Nous allons poursuivre la r\u00e9flexion et travailler sur ces courts-m\u00e9trages les jours prochains, en classe.<br>Les \u00e9l\u00e8ves ont \u00e9t\u00e9 tr\u00e8s attentifs durant la projection et ont beaucoup appr\u00e9ci\u00e9 cette premi\u00e8re s\u00e9ance au cin\u00e9ma. Nous y retournerons le 2 juin pour la suite du projet Ecole et cin\u00e9ma.<\/p>\n\n\n\n<figure class=\"wp-block-image size-full\"><img loading=\"lazy\" decoding=\"async\" width=\"194\" height=\"259\" src=\"https:\/\/www.ecolegabrieldeshayes.fr\/blog\/wp-content\/uploads\/d45b98a7-344f-49b7-9bee-b9eb1ceb0162.jpg\" alt=\"\" class=\"wp-image-4862\"\/><\/figure>\n\n\n\n<figure class=\"wp-block-image size-full\"><img loading=\"lazy\" decoding=\"async\" width=\"1024\" height=\"768\" src=\"https:\/\/www.ecolegabrieldeshayes.fr\/blog\/wp-content\/uploads\/0ef10cac-a3b3-4097-8010-3bea77bb82b4.jpg\" alt=\"\" class=\"wp-image-4861\" srcset=\"https:\/\/www.ecolegabrieldeshayes.fr\/blog\/wp-content\/uploads\/0ef10cac-a3b3-4097-8010-3bea77bb82b4.jpg 1024w, https:\/\/www.ecolegabrieldeshayes.fr\/blog\/wp-content\/uploads\/0ef10cac-a3b3-4097-8010-3bea77bb82b4-300x225.jpg 300w, https:\/\/www.ecolegabrieldeshayes.fr\/blog\/wp-content\/uploads\/0ef10cac-a3b3-4097-8010-3bea77bb82b4-768x576.jpg 768w\" sizes=\"auto, (max-width: 767px) 89vw, (max-width: 1000px) 54vw, (max-width: 1071px) 543px, 580px\" \/><\/figure>\n","protected":false},"excerpt":{"rendered":"<p>Ce jeudi 28 avril, les \u00e9l\u00e8ves de MS\/GS de Luciana et MS de Virginie sont all\u00e9s au cin\u00e9ma Ti Hanok dans le cadre du projet Ecole et cin\u00e9ma.Ils ont pu voir quatre courts m\u00e9trages abordant le th\u00e8me de la Biodiversit\u00e9 : \u00ab\u00a0Les Mal-Aim\u00e9s\u00a0\u00bb. Ces films pr\u00e9sentent avec douceur et tendresse l&rsquo;univers de petits \u00eatres de &hellip; <\/p>\n<p class=\"link-more\"><a href=\"https:\/\/www.ecolegabrieldeshayes.fr\/blog\/?p=4858\" class=\"more-link\">Continuer la lecture<span class=\"screen-reader-text\"> de &laquo;&nbsp;Ecole et cin\u00e9ma pour les MS\/GS et MS&nbsp;&raquo;<\/span><\/a><\/p>\n","protected":false},"author":19,"featured_media":0,"comment_status":"closed","ping_status":"open","sticky":false,"template":"","format":"standard","meta":{"footnotes":""},"categories":[5],"tags":[],"class_list":["post-4858","post","type-post","status-publish","format-standard","hentry","category-cycle-1"],"_links":{"self":[{"href":"https:\/\/www.ecolegabrieldeshayes.fr\/blog\/index.php?rest_route=\/wp\/v2\/posts\/4858","targetHints":{"allow":["GET"]}}],"collection":[{"href":"https:\/\/www.ecolegabrieldeshayes.fr\/blog\/index.php?rest_route=\/wp\/v2\/posts"}],"about":[{"href":"https:\/\/www.ecolegabrieldeshayes.fr\/blog\/index.php?rest_route=\/wp\/v2\/types\/post"}],"author":[{"embeddable":true,"href":"https:\/\/www.ecolegabrieldeshayes.fr\/blog\/index.php?rest_route=\/wp\/v2\/users\/19"}],"replies":[{"embeddable":true,"href":"https:\/\/www.ecolegabrieldeshayes.fr\/blog\/index.php?rest_route=%2Fwp%2Fv2%2Fcomments&post=4858"}],"version-history":[{"count":3,"href":"https:\/\/www.ecolegabrieldeshayes.fr\/blog\/index.php?rest_route=\/wp\/v2\/posts\/4858\/revisions"}],"predecessor-version":[{"id":4864,"href":"https:\/\/www.ecolegabrieldeshayes.fr\/blog\/index.php?rest_route=\/wp\/v2\/posts\/4858\/revisions\/4864"}],"wp:attachment":[{"href":"https:\/\/www.ecolegabrieldeshayes.fr\/blog\/index.php?rest_route=%2Fwp%2Fv2%2Fmedia&parent=4858"}],"wp:term":[{"taxonomy":"category","embeddable":true,"href":"https:\/\/www.ecolegabrieldeshayes.fr\/blog\/index.php?rest_route=%2Fwp%2Fv2%2Fcategories&post=4858"},{"taxonomy":"post_tag","embeddable":true,"href":"https:\/\/www.ecolegabrieldeshayes.fr\/blog\/index.php?rest_route=%2Fwp%2Fv2%2Ftags&post=4858"}],"curies":[{"name":"wp","href":"https:\/\/api.w.org\/{rel}","templated":true}]}}