{"id":4906,"date":"2022-05-19T19:21:52","date_gmt":"2022-05-19T17:21:52","guid":{"rendered":"http:\/\/www.ecolegabrieldeshayes.fr\/blog\/?p=4906"},"modified":"2022-05-19T19:21:52","modified_gmt":"2022-05-19T17:21:52","slug":"piscine-cp-annick-et-gs-cp-fabienne","status":"publish","type":"post","link":"https:\/\/www.ecolegabrieldeshayes.fr\/blog\/?p=4906","title":{"rendered":"Piscine CP Annick et GS-CP Fabienne"},"content":{"rendered":"\n<p>Tous les lundis depuis le 14 mars, les \u00e9l\u00e8ves de CP d&rsquo;Annick et les GS-CP de Fabienne b\u00e9n\u00e9ficient de s\u00e9ances de natation \u00e0 la piscine Alr\u00e9o d&rsquo;Auray . Il reste encore 3 s\u00e9ances pour que nos apprentis nageurs soient pr\u00eats pour  affronter l&rsquo;oc\u00e9an cet \u00e9t\u00e9 ! Bravo \u00e0 tous et un grand merci aux parents accompagnateurs ! <\/p>\n\n\n\n<p><a href=\"https:\/\/photos.app.goo.gl\/aPMtPwczHA4JB6f49\" data-type=\"URL\" data-id=\"https:\/\/photos.app.goo.gl\/aPMtPwczHA4JB6f49\">Photos <\/a><\/p>\n","protected":false},"excerpt":{"rendered":"<p>Tous les lundis depuis le 14 mars, les \u00e9l\u00e8ves de CP d&rsquo;Annick et les GS-CP de Fabienne b\u00e9n\u00e9ficient de s\u00e9ances de natation \u00e0 la piscine Alr\u00e9o d&rsquo;Auray . Il reste encore 3 s\u00e9ances pour que nos apprentis nageurs soient pr\u00eats pour affronter l&rsquo;oc\u00e9an cet \u00e9t\u00e9 ! Bravo \u00e0 tous et un grand merci aux parents &hellip; <\/p>\n<p class=\"link-more\"><a href=\"https:\/\/www.ecolegabrieldeshayes.fr\/blog\/?p=4906\" class=\"more-link\">Continuer la lecture<span class=\"screen-reader-text\"> de &laquo;&nbsp;Piscine CP Annick et GS-CP Fabienne&nbsp;&raquo;<\/span><\/a><\/p>\n","protected":false},"author":12,"featured_media":0,"comment_status":"closed","ping_status":"open","sticky":false,"template":"","format":"standard","meta":{"footnotes":""},"categories":[5,6],"tags":[],"class_list":["post-4906","post","type-post","status-publish","format-standard","hentry","category-cycle-1","category-cycle-2"],"_links":{"self":[{"href":"https:\/\/www.ecolegabrieldeshayes.fr\/blog\/index.php?rest_route=\/wp\/v2\/posts\/4906","targetHints":{"allow":["GET"]}}],"collection":[{"href":"https:\/\/www.ecolegabrieldeshayes.fr\/blog\/index.php?rest_route=\/wp\/v2\/posts"}],"about":[{"href":"https:\/\/www.ecolegabrieldeshayes.fr\/blog\/index.php?rest_route=\/wp\/v2\/types\/post"}],"author":[{"embeddable":true,"href":"https:\/\/www.ecolegabrieldeshayes.fr\/blog\/index.php?rest_route=\/wp\/v2\/users\/12"}],"replies":[{"embeddable":true,"href":"https:\/\/www.ecolegabrieldeshayes.fr\/blog\/index.php?rest_route=%2Fwp%2Fv2%2Fcomments&post=4906"}],"version-history":[{"count":3,"href":"https:\/\/www.ecolegabrieldeshayes.fr\/blog\/index.php?rest_route=\/wp\/v2\/posts\/4906\/revisions"}],"predecessor-version":[{"id":5001,"href":"https:\/\/www.ecolegabrieldeshayes.fr\/blog\/index.php?rest_route=\/wp\/v2\/posts\/4906\/revisions\/5001"}],"wp:attachment":[{"href":"https:\/\/www.ecolegabrieldeshayes.fr\/blog\/index.php?rest_route=%2Fwp%2Fv2%2Fmedia&parent=4906"}],"wp:term":[{"taxonomy":"category","embeddable":true,"href":"https:\/\/www.ecolegabrieldeshayes.fr\/blog\/index.php?rest_route=%2Fwp%2Fv2%2Fcategories&post=4906"},{"taxonomy":"post_tag","embeddable":true,"href":"https:\/\/www.ecolegabrieldeshayes.fr\/blog\/index.php?rest_route=%2Fwp%2Fv2%2Ftags&post=4906"}],"curies":[{"name":"wp","href":"https:\/\/api.w.org\/{rel}","templated":true}]}}