{"id":4913,"date":"2022-05-14T15:50:14","date_gmt":"2022-05-14T13:50:14","guid":{"rendered":"http:\/\/www.ecolegabrieldeshayes.fr\/blog\/?p=4913"},"modified":"2022-05-14T15:50:14","modified_gmt":"2022-05-14T13:50:14","slug":"les-tps-ps-de-nathalie-font-du-pain","status":"publish","type":"post","link":"https:\/\/www.ecolegabrieldeshayes.fr\/blog\/?p=4913","title":{"rendered":"Les TPS\/PS de Nathalie font du pain"},"content":{"rendered":"\n<p>Le vendredi 13 mai, les deux classes de TPS\/PS se sont rendues \u00e0 l&rsquo;\u00e9comus\u00e9e de St D\u00e9gan pour pr\u00e9parer du pain.<\/p>\n\n\n\n<p>Les enfants ont assist\u00e9 au p\u00e9trissage.<\/p>\n\n\n\n<p>Pendant que la p\u00e2te levait, ils ont \u00e9t\u00e9 voir le puits et mettre le four en chauffe.<\/p>\n\n\n\n<p>Une fois la p\u00e2te suffisamment lev\u00e9e, ils ont fa\u00e7onn\u00e9 leurs petits pains (un nature et un aux p\u00e9pites de chocolat).<\/p>\n\n\n\n<p>Ils se sont essay\u00e9s \u00e0 moudre les grains de bl\u00e9 \u00e0 l&rsquo;aide d&rsquo;un gros galet.  Ils se sont \u00e9galement d\u00e9plac\u00e9s pour voir une parcelle de champ labour\u00e9e par un cheval.<\/p>\n\n\n\n<p>Puis il a fallu \u00f4t\u00e9 les braises du four \u00e0 pain et le \u00ab\u00a0laver\u00a0\u00bb afin de d\u00e9poser les petits pains \u00e0 l&rsquo;int\u00e9rieur pour la cuisson.<\/p>\n\n\n\n<div class=\"wp-block-image is-style-rounded\"><figure class=\"aligncenter size-large is-resized\"><img loading=\"lazy\" decoding=\"async\" src=\"https:\/\/www.ecolegabrieldeshayes.fr\/blog\/wp-content\/uploads\/IMG_20220513_152128-459x1024.jpg\" alt=\"\" class=\"wp-image-4914\" width=\"230\" height=\"512\" srcset=\"https:\/\/www.ecolegabrieldeshayes.fr\/blog\/wp-content\/uploads\/IMG_20220513_152128-459x1024.jpg 459w, https:\/\/www.ecolegabrieldeshayes.fr\/blog\/wp-content\/uploads\/IMG_20220513_152128-768x1714.jpg 768w, https:\/\/www.ecolegabrieldeshayes.fr\/blog\/wp-content\/uploads\/IMG_20220513_152128-688x1536.jpg 688w, https:\/\/www.ecolegabrieldeshayes.fr\/blog\/wp-content\/uploads\/IMG_20220513_152128-scaled.jpg 918w\" sizes=\"auto, (max-width: 230px) 100vw, 230px\" \/><\/figure><\/div>\n\n\n\n<p>Quelques jeux bretons plus tard, il \u00e9tait temps de v\u00e9rifier la cuisson et de sortir les pains du four. <\/p>\n\n\n\n<p>Quelle belle journ\u00e9e nous avons pass\u00e9 ! Un beau soleil, le chant m\u00e9lodieux des oiseaux, la bonne odeur du pain chaud et nos deux petits pains que nous avons rapport\u00e9s pr\u00e9cieusement de notre visite.<\/p>\n\n\n\n<p>Lien vers l&rsquo;album photos : <a href=\"https:\/\/photos.google.com\/album\/AF1QipP53OnQ3YL13ONdbLZC4mS6CGXtWMq8ReVekESk\">https:\/\/photos.google.com\/album\/AF1QipP53OnQ3YL13ONdbLZC4mS6CGXtWMq8ReVekESk<\/a><\/p>\n","protected":false},"excerpt":{"rendered":"<p>Le vendredi 13 mai, les deux classes de TPS\/PS se sont rendues \u00e0 l&rsquo;\u00e9comus\u00e9e de St D\u00e9gan pour pr\u00e9parer du pain. Les enfants ont assist\u00e9 au p\u00e9trissage. Pendant que la p\u00e2te levait, ils ont \u00e9t\u00e9 voir le puits et mettre le four en chauffe. Une fois la p\u00e2te suffisamment lev\u00e9e, ils ont fa\u00e7onn\u00e9 leurs petits &hellip; <\/p>\n<p class=\"link-more\"><a href=\"https:\/\/www.ecolegabrieldeshayes.fr\/blog\/?p=4913\" class=\"more-link\">Continuer la lecture<span class=\"screen-reader-text\"> de &laquo;&nbsp;Les TPS\/PS de Nathalie font du pain&nbsp;&raquo;<\/span><\/a><\/p>\n","protected":false},"author":5,"featured_media":0,"comment_status":"closed","ping_status":"open","sticky":false,"template":"","format":"standard","meta":{"footnotes":""},"categories":[5,1],"tags":[],"class_list":["post-4913","post","type-post","status-publish","format-standard","hentry","category-cycle-1","category-non-classe"],"_links":{"self":[{"href":"https:\/\/www.ecolegabrieldeshayes.fr\/blog\/index.php?rest_route=\/wp\/v2\/posts\/4913","targetHints":{"allow":["GET"]}}],"collection":[{"href":"https:\/\/www.ecolegabrieldeshayes.fr\/blog\/index.php?rest_route=\/wp\/v2\/posts"}],"about":[{"href":"https:\/\/www.ecolegabrieldeshayes.fr\/blog\/index.php?rest_route=\/wp\/v2\/types\/post"}],"author":[{"embeddable":true,"href":"https:\/\/www.ecolegabrieldeshayes.fr\/blog\/index.php?rest_route=\/wp\/v2\/users\/5"}],"replies":[{"embeddable":true,"href":"https:\/\/www.ecolegabrieldeshayes.fr\/blog\/index.php?rest_route=%2Fwp%2Fv2%2Fcomments&post=4913"}],"version-history":[{"count":2,"href":"https:\/\/www.ecolegabrieldeshayes.fr\/blog\/index.php?rest_route=\/wp\/v2\/posts\/4913\/revisions"}],"predecessor-version":[{"id":4919,"href":"https:\/\/www.ecolegabrieldeshayes.fr\/blog\/index.php?rest_route=\/wp\/v2\/posts\/4913\/revisions\/4919"}],"wp:attachment":[{"href":"https:\/\/www.ecolegabrieldeshayes.fr\/blog\/index.php?rest_route=%2Fwp%2Fv2%2Fmedia&parent=4913"}],"wp:term":[{"taxonomy":"category","embeddable":true,"href":"https:\/\/www.ecolegabrieldeshayes.fr\/blog\/index.php?rest_route=%2Fwp%2Fv2%2Fcategories&post=4913"},{"taxonomy":"post_tag","embeddable":true,"href":"https:\/\/www.ecolegabrieldeshayes.fr\/blog\/index.php?rest_route=%2Fwp%2Fv2%2Ftags&post=4913"}],"curies":[{"name":"wp","href":"https:\/\/api.w.org\/{rel}","templated":true}]}}