{"id":4916,"date":"2022-05-14T15:49:42","date_gmt":"2022-05-14T13:49:42","guid":{"rendered":"http:\/\/www.ecolegabrieldeshayes.fr\/blog\/?p=4916"},"modified":"2022-05-14T15:49:42","modified_gmt":"2022-05-14T13:49:42","slug":"les-tps-ps-de-nathalie-au-plauray","status":"publish","type":"post","link":"https:\/\/www.ecolegabrieldeshayes.fr\/blog\/?p=4916","title":{"rendered":"Les TPS\/PS de Nathalie au PLAuray"},"content":{"rendered":"\n<p>Attention ! Attention ! Futurs petits gymnastes en puissance !<\/p>\n\n\n\n<p>Cela fait maintenant deux lundis que nous profitons des \u00e9quipements du PLAuray.<\/p>\n\n\n\n<p>Nous nous y rendons \u00e0 pied. Une fois arriv\u00e9s :  quelques consignes, un peu d&rsquo;\u00e9chauffement et place aux acrobaties en tout genre !<\/p>\n\n\n\n<div class=\"wp-block-image is-style-rounded\"><figure class=\"aligncenter size-large is-resized\"><img loading=\"lazy\" decoding=\"async\" src=\"https:\/\/www.ecolegabrieldeshayes.fr\/blog\/wp-content\/uploads\/IMG_20220502_093506-459x1024.jpg\" alt=\"\" class=\"wp-image-4917\" width=\"230\" height=\"512\" srcset=\"https:\/\/www.ecolegabrieldeshayes.fr\/blog\/wp-content\/uploads\/IMG_20220502_093506-459x1024.jpg 459w, https:\/\/www.ecolegabrieldeshayes.fr\/blog\/wp-content\/uploads\/IMG_20220502_093506-768x1714.jpg 768w, https:\/\/www.ecolegabrieldeshayes.fr\/blog\/wp-content\/uploads\/IMG_20220502_093506-688x1536.jpg 688w, https:\/\/www.ecolegabrieldeshayes.fr\/blog\/wp-content\/uploads\/IMG_20220502_093506-scaled.jpg 918w\" sizes=\"auto, (max-width: 230px) 100vw, 230px\" \/><\/figure><\/div>\n\n\n\n<p>Gr\u00e2ce aux animateurs et aux parents accompagnateurs, les enfants s&rsquo;en donnent \u00e0 coeur joie. Un r\u00e9el plaisir et une franche rigolade !<\/p>\n\n\n\n<p>Merci aux parents qui se sont inscrits nombreux pour nous accompagner chaque lundi jusqu&rsquo;\u00e0 fin juin.<\/p>\n\n\n\n<p>Lien vers l&rsquo;album photos : <a href=\"https:\/\/photos.google.com\/album\/AF1QipNc5vktnMPjksbkiajFi8RjzT1oDr9zPcL5asl-\">https:\/\/photos.google.com\/album\/AF1QipNc5vktnMPjksbkiajFi8RjzT1oDr9zPcL5asl-<\/a><\/p>\n","protected":false},"excerpt":{"rendered":"<p>Attention ! Attention ! Futurs petits gymnastes en puissance ! Cela fait maintenant deux lundis que nous profitons des \u00e9quipements du PLAuray. Nous nous y rendons \u00e0 pied. Une fois arriv\u00e9s : quelques consignes, un peu d&rsquo;\u00e9chauffement et place aux acrobaties en tout genre ! Gr\u00e2ce aux animateurs et aux parents accompagnateurs, les enfants s&rsquo;en &hellip; <\/p>\n<p class=\"link-more\"><a href=\"https:\/\/www.ecolegabrieldeshayes.fr\/blog\/?p=4916\" class=\"more-link\">Continuer la lecture<span class=\"screen-reader-text\"> de &laquo;&nbsp;Les TPS\/PS de Nathalie au PLAuray&nbsp;&raquo;<\/span><\/a><\/p>\n","protected":false},"author":5,"featured_media":0,"comment_status":"closed","ping_status":"open","sticky":false,"template":"","format":"standard","meta":{"footnotes":""},"categories":[5,1],"tags":[],"class_list":["post-4916","post","type-post","status-publish","format-standard","hentry","category-cycle-1","category-non-classe"],"_links":{"self":[{"href":"https:\/\/www.ecolegabrieldeshayes.fr\/blog\/index.php?rest_route=\/wp\/v2\/posts\/4916","targetHints":{"allow":["GET"]}}],"collection":[{"href":"https:\/\/www.ecolegabrieldeshayes.fr\/blog\/index.php?rest_route=\/wp\/v2\/posts"}],"about":[{"href":"https:\/\/www.ecolegabrieldeshayes.fr\/blog\/index.php?rest_route=\/wp\/v2\/types\/post"}],"author":[{"embeddable":true,"href":"https:\/\/www.ecolegabrieldeshayes.fr\/blog\/index.php?rest_route=\/wp\/v2\/users\/5"}],"replies":[{"embeddable":true,"href":"https:\/\/www.ecolegabrieldeshayes.fr\/blog\/index.php?rest_route=%2Fwp%2Fv2%2Fcomments&post=4916"}],"version-history":[{"count":2,"href":"https:\/\/www.ecolegabrieldeshayes.fr\/blog\/index.php?rest_route=\/wp\/v2\/posts\/4916\/revisions"}],"predecessor-version":[{"id":4920,"href":"https:\/\/www.ecolegabrieldeshayes.fr\/blog\/index.php?rest_route=\/wp\/v2\/posts\/4916\/revisions\/4920"}],"wp:attachment":[{"href":"https:\/\/www.ecolegabrieldeshayes.fr\/blog\/index.php?rest_route=%2Fwp%2Fv2%2Fmedia&parent=4916"}],"wp:term":[{"taxonomy":"category","embeddable":true,"href":"https:\/\/www.ecolegabrieldeshayes.fr\/blog\/index.php?rest_route=%2Fwp%2Fv2%2Fcategories&post=4916"},{"taxonomy":"post_tag","embeddable":true,"href":"https:\/\/www.ecolegabrieldeshayes.fr\/blog\/index.php?rest_route=%2Fwp%2Fv2%2Ftags&post=4916"}],"curies":[{"name":"wp","href":"https:\/\/api.w.org\/{rel}","templated":true}]}}