{"id":4921,"date":"2022-05-16T12:25:09","date_gmt":"2022-05-16T10:25:09","guid":{"rendered":"http:\/\/www.ecolegabrieldeshayes.fr\/blog\/?p=4921"},"modified":"2022-05-24T13:11:13","modified_gmt":"2022-05-24T11:11:13","slug":"les-tps-ps-disabelle-a-saint-degan","status":"publish","type":"post","link":"https:\/\/www.ecolegabrieldeshayes.fr\/blog\/?p=4921","title":{"rendered":"Les TPS\/PS d&rsquo;Isabelle \u00e0 Saint Degan"},"content":{"rendered":"\n<figure class=\"wp-block-image size-large is-resized\"><img loading=\"lazy\" decoding=\"async\" src=\"https:\/\/www.ecolegabrieldeshayes.fr\/blog\/wp-content\/uploads\/IMG_3619-1-1024x768.jpeg\" alt=\"\" class=\"wp-image-4969\" width=\"415\" height=\"311\" srcset=\"https:\/\/www.ecolegabrieldeshayes.fr\/blog\/wp-content\/uploads\/IMG_3619-1-1024x768.jpeg 1024w, https:\/\/www.ecolegabrieldeshayes.fr\/blog\/wp-content\/uploads\/IMG_3619-1-300x225.jpeg 300w, https:\/\/www.ecolegabrieldeshayes.fr\/blog\/wp-content\/uploads\/IMG_3619-1-768x576.jpeg 768w, https:\/\/www.ecolegabrieldeshayes.fr\/blog\/wp-content\/uploads\/IMG_3619-1-1536x1152.jpeg 1536w, https:\/\/www.ecolegabrieldeshayes.fr\/blog\/wp-content\/uploads\/IMG_3619-1.jpeg 2048w\" sizes=\"auto, (max-width: 415px) 100vw, 415px\" \/><\/figure>\n\n\n\n<p>Le  vendredi 13 mai, l&rsquo;Eco mus\u00e9e de Saint D\u00e9gan nous a ouvert ses portes pour fabriquer du pain au levain.<br>Tout d&rsquo;abord, nous avons observ\u00e9 comment allumer le feu dans un grand four \u00e0 bois. Le four est \u00e0 temp\u00e9rature (250\u00b0) 4 h plus tard.<br>Pendant ce temps, nous avons assist\u00e9 au p\u00e9trissage de la p\u00e2te, que nous avons laiss\u00e9e lever. Nous avons visit\u00e9 une chaumi\u00e8re et \u00e9cras\u00e9 des grains de bl\u00e9 \u00e0 l&rsquo;aide d&rsquo;un gros galet. Il fallait de la force pour l&rsquo;\u00e9craser !<br>Puis, chacun d&rsquo;entre nous a pu p\u00e9trir son p\u00e2ton. On a commenc\u00e9 \u00e0 \u00eatre mis en app\u00e9tit quand nous avons incrust\u00e9 des p\u00e9pites de chocolat dans le p\u00e2ton !<br>Nous avons observ\u00e9 Tony d\u00e9pos\u00e9 les p\u00e2tons dans le four et pendant la cuisson, nous avons ador\u00e9 jou\u00e9 aux jeux bretons.<br>Chacun a pu repartir avec son petit pain.<br>Ce fut une journ\u00e9e remarquable et sous le soleil ! <\/p>\n\n\n\n<p>Voici les photos de cette journ\u00e9e : <a href=\"https:\/\/photos.app.goo.gl\/FKfo8GBdCv4bcChQ8\">https:\/\/photos.app.goo.gl\/FKfo8GBdCv4bcChQ8<\/a><\/p>\n\n\n\n<p>Petite vid\u00e9o de la journ\u00e9e \u00e0 Saint-D\u00e9gan : <a href=\"https:\/\/www.instagram.com\/reel\/CdtiK89gmex\/?igshid=MDJmNzVkMjY=\">https:\/\/www.instagram.com\/reel\/CdtiK89gmex\/?igshid=MDJmNzVkMjY=<\/a><\/p>\n\n\n\n<p><br><\/p>\n","protected":false},"excerpt":{"rendered":"<p>Le vendredi 13 mai, l&rsquo;Eco mus\u00e9e de Saint D\u00e9gan nous a ouvert ses portes pour fabriquer du pain au levain.Tout d&rsquo;abord, nous avons observ\u00e9 comment allumer le feu dans un grand four \u00e0 bois. Le four est \u00e0 temp\u00e9rature (250\u00b0) 4 h plus tard.Pendant ce temps, nous avons assist\u00e9 au p\u00e9trissage de la p\u00e2te, que &hellip; <\/p>\n<p class=\"link-more\"><a href=\"https:\/\/www.ecolegabrieldeshayes.fr\/blog\/?p=4921\" class=\"more-link\">Continuer la lecture<span class=\"screen-reader-text\"> de &laquo;&nbsp;Les TPS\/PS d&rsquo;Isabelle \u00e0 Saint Degan&nbsp;&raquo;<\/span><\/a><\/p>\n","protected":false},"author":20,"featured_media":0,"comment_status":"closed","ping_status":"open","sticky":false,"template":"","format":"standard","meta":{"footnotes":""},"categories":[5,1],"tags":[],"class_list":["post-4921","post","type-post","status-publish","format-standard","hentry","category-cycle-1","category-non-classe"],"_links":{"self":[{"href":"https:\/\/www.ecolegabrieldeshayes.fr\/blog\/index.php?rest_route=\/wp\/v2\/posts\/4921","targetHints":{"allow":["GET"]}}],"collection":[{"href":"https:\/\/www.ecolegabrieldeshayes.fr\/blog\/index.php?rest_route=\/wp\/v2\/posts"}],"about":[{"href":"https:\/\/www.ecolegabrieldeshayes.fr\/blog\/index.php?rest_route=\/wp\/v2\/types\/post"}],"author":[{"embeddable":true,"href":"https:\/\/www.ecolegabrieldeshayes.fr\/blog\/index.php?rest_route=\/wp\/v2\/users\/20"}],"replies":[{"embeddable":true,"href":"https:\/\/www.ecolegabrieldeshayes.fr\/blog\/index.php?rest_route=%2Fwp%2Fv2%2Fcomments&post=4921"}],"version-history":[{"count":3,"href":"https:\/\/www.ecolegabrieldeshayes.fr\/blog\/index.php?rest_route=\/wp\/v2\/posts\/4921\/revisions"}],"predecessor-version":[{"id":5012,"href":"https:\/\/www.ecolegabrieldeshayes.fr\/blog\/index.php?rest_route=\/wp\/v2\/posts\/4921\/revisions\/5012"}],"wp:attachment":[{"href":"https:\/\/www.ecolegabrieldeshayes.fr\/blog\/index.php?rest_route=%2Fwp%2Fv2%2Fmedia&parent=4921"}],"wp:term":[{"taxonomy":"category","embeddable":true,"href":"https:\/\/www.ecolegabrieldeshayes.fr\/blog\/index.php?rest_route=%2Fwp%2Fv2%2Fcategories&post=4921"},{"taxonomy":"post_tag","embeddable":true,"href":"https:\/\/www.ecolegabrieldeshayes.fr\/blog\/index.php?rest_route=%2Fwp%2Fv2%2Ftags&post=4921"}],"curies":[{"name":"wp","href":"https:\/\/api.w.org\/{rel}","templated":true}]}}