{"id":5010,"date":"2022-05-24T22:41:04","date_gmt":"2022-05-24T20:41:04","guid":{"rendered":"http:\/\/www.ecolegabrieldeshayes.fr\/blog\/?p=5010"},"modified":"2022-05-24T23:07:47","modified_gmt":"2022-05-24T21:07:47","slug":"val-de-loire-jour-2","status":"publish","type":"post","link":"https:\/\/www.ecolegabrieldeshayes.fr\/blog\/?p=5010","title":{"rendered":"Val de Loire, jour 2"},"content":{"rendered":"\n<p>Voil\u00e0 encore une belle journ\u00e9e pass\u00e9e!<br>Apr\u00e8s un r\u00e9veil matinal et un bon petit d\u00e9jeuner aval\u00e9, nous voil\u00e0 en route vers Amboise! Nous y avons visit\u00e9 le ch\u00e2teau, puis le Clos Luc\u00e9, derni\u00e8re demeure de L\u00e9onard de Vinci.<br>Retour vers 21h \u00e0 Auray avec de beaux souvenirs et de belles d\u00e9couvertes en m\u00e9moire!<br>Un grand merci aux accompagnateurs, au chauffeur et aux enfants! Et un tr\u00e8s bon anniversaire \u00e0 Ad\u00e8le!<\/p>\n\n\n\n<p><a href=\"https:\/\/photos.app.goo.gl\/6WK5jRixRy9ULWFZ7\">https:\/\/photos.app.goo.gl\/6WK5jRixRy9ULWFZ7<\/a><\/p>\n\n\n\n<p><a href=\"https:\/\/photos.app.goo.gl\/ALbKSA9k3mty5rPS6\">https:\/\/photos.app.goo.gl\/ALbKSA9k3mty5rPS6<\/a><\/p>\n","protected":false},"excerpt":{"rendered":"<p>Voil\u00e0 encore une belle journ\u00e9e pass\u00e9e!Apr\u00e8s un r\u00e9veil matinal et un bon petit d\u00e9jeuner aval\u00e9, nous voil\u00e0 en route vers Amboise! Nous y avons visit\u00e9 le ch\u00e2teau, puis le Clos Luc\u00e9, derni\u00e8re demeure de L\u00e9onard de Vinci.Retour vers 21h \u00e0 Auray avec de beaux souvenirs et de belles d\u00e9couvertes en m\u00e9moire!Un grand merci aux accompagnateurs, &hellip; <\/p>\n<p class=\"link-more\"><a href=\"https:\/\/www.ecolegabrieldeshayes.fr\/blog\/?p=5010\" class=\"more-link\">Continuer la lecture<span class=\"screen-reader-text\"> de &laquo;&nbsp;Val de Loire, jour 2&nbsp;&raquo;<\/span><\/a><\/p>\n","protected":false},"author":7,"featured_media":0,"comment_status":"closed","ping_status":"open","sticky":false,"template":"","format":"standard","meta":{"footnotes":""},"categories":[1],"tags":[],"class_list":["post-5010","post","type-post","status-publish","format-standard","hentry","category-non-classe"],"_links":{"self":[{"href":"https:\/\/www.ecolegabrieldeshayes.fr\/blog\/index.php?rest_route=\/wp\/v2\/posts\/5010","targetHints":{"allow":["GET"]}}],"collection":[{"href":"https:\/\/www.ecolegabrieldeshayes.fr\/blog\/index.php?rest_route=\/wp\/v2\/posts"}],"about":[{"href":"https:\/\/www.ecolegabrieldeshayes.fr\/blog\/index.php?rest_route=\/wp\/v2\/types\/post"}],"author":[{"embeddable":true,"href":"https:\/\/www.ecolegabrieldeshayes.fr\/blog\/index.php?rest_route=\/wp\/v2\/users\/7"}],"replies":[{"embeddable":true,"href":"https:\/\/www.ecolegabrieldeshayes.fr\/blog\/index.php?rest_route=%2Fwp%2Fv2%2Fcomments&post=5010"}],"version-history":[{"count":3,"href":"https:\/\/www.ecolegabrieldeshayes.fr\/blog\/index.php?rest_route=\/wp\/v2\/posts\/5010\/revisions"}],"predecessor-version":[{"id":5022,"href":"https:\/\/www.ecolegabrieldeshayes.fr\/blog\/index.php?rest_route=\/wp\/v2\/posts\/5010\/revisions\/5022"}],"wp:attachment":[{"href":"https:\/\/www.ecolegabrieldeshayes.fr\/blog\/index.php?rest_route=%2Fwp%2Fv2%2Fmedia&parent=5010"}],"wp:term":[{"taxonomy":"category","embeddable":true,"href":"https:\/\/www.ecolegabrieldeshayes.fr\/blog\/index.php?rest_route=%2Fwp%2Fv2%2Fcategories&post=5010"},{"taxonomy":"post_tag","embeddable":true,"href":"https:\/\/www.ecolegabrieldeshayes.fr\/blog\/index.php?rest_route=%2Fwp%2Fv2%2Ftags&post=5010"}],"curies":[{"name":"wp","href":"https:\/\/api.w.org\/{rel}","templated":true}]}}