{"id":5013,"date":"2022-05-24T19:23:54","date_gmt":"2022-05-24T17:23:54","guid":{"rendered":"http:\/\/www.ecolegabrieldeshayes.fr\/blog\/?p=5013"},"modified":"2022-05-24T19:23:54","modified_gmt":"2022-05-24T17:23:54","slug":"les-ce2-a-la-decouverte-de-lallemagne","status":"publish","type":"post","link":"https:\/\/www.ecolegabrieldeshayes.fr\/blog\/?p=5013","title":{"rendered":"Les CE2 \u00e0 la d\u00e9couverte de l&rsquo;Allemagne."},"content":{"rendered":"\n<p>Mardi 24 mai, nous avons rencontr\u00e9 Th\u00e9o, le grand fr\u00e8re de Malo et son correspondant allemand Lukas.<\/p>\n\n\n\n<figure class=\"wp-block-image size-full\"><img loading=\"lazy\" decoding=\"async\" width=\"640\" height=\"480\" src=\"https:\/\/www.ecolegabrieldeshayes.fr\/blog\/wp-content\/uploads\/IMG_1535.jpg\" alt=\"\" class=\"wp-image-5016\" srcset=\"https:\/\/www.ecolegabrieldeshayes.fr\/blog\/wp-content\/uploads\/IMG_1535.jpg 640w, https:\/\/www.ecolegabrieldeshayes.fr\/blog\/wp-content\/uploads\/IMG_1535-300x225.jpg 300w\" sizes=\"auto, (max-width: 640px) 100vw, 640px\" \/><\/figure>\n\n\n\n<p>Suite \u00e0 notre semaine des langues, ils sont venus dans notre classe pour nous parler du pays de Lukas, l\u2019Allemagne.<\/p>\n\n\n\n<p>Lukas habite dans une petite ville pr\u00e8s de Francfort. Quand il \u00e9tait petit de 3 \u00e0 6 ans, il n\u2019allait pas dans une \u00e9cole traditionnelle mais faisait l\u2019\u00e9cole dans une for\u00eat. Il a appris \u00e0 reconna\u00eetre les traces des animaux, le nom des arbres, construire des cabanes\u2026<\/p>\n\n\n\n<p>Nous avons appris plein de choses sur son pays&nbsp;:<\/p>\n\n\n\n<ul class=\"wp-block-list\"><li>A Francfort, on mange des saucisses blanches, du pain noir, des bretzels et de la bi\u00e8re.<\/li><li>L\u2019Allemagne n\u2019est bord\u00e9e que par deux mers\u00a0: la Mer du Nord et la Mer Baltique.<\/li><li>Sa capitale est Berlin.<\/li><li>Elle a 9 pays frontaliers.<\/li><li>Son embl\u00e8me est l\u2019aigle noir.<\/li><li>On y pratique beaucoup le football et le bobsleigh.<\/li><li>La Bavi\u00e8re est une r\u00e9gion allemande o\u00f9 il y a un costume traditionnel\u00a0: short en cuir avec des bretelles.<\/li><li>De 3 \u00e0 6 ans, les enfants vont au jardin d\u2019enfants.<\/li><li>L\u2019\u00e9cole commence r\u00e9ellement \u00e0 6 ans.<\/li><li>Les enfants travaillent de 8h \u00e0 13h en classe. Ensuite, ils font leurs devoirs ou vont \u00e0 la garderie ou font du sport.<\/li><\/ul>\n\n\n\n<p>Lukas et Th\u00e9o nous ont appris \u00e0 compter jusqu\u2019\u00e0 10 en allemand et maintenant nous connaissons quelques mots allemands&nbsp;: Guten tag, wie heist du&nbsp;? schuss, danke, schnell, gut, oma\u2026<\/p>\n\n\n\n<p>Et nous avons trouv\u00e9 un seul mot allemand employ\u00e9 dans la langue fran\u00e7aise&nbsp;: kinder&nbsp;! C\u2019est Lukas qui nous a dit ce qu\u2019il voulait dire. Nous ne savions pas.<\/p>\n\n\n\n<p>Cette rencontre \u00e9tait tr\u00e8s enrichissante.<\/p>\n\n\n\n<p>Merci Lukas et Th\u00e9o\u00a0!<\/p>\n\n\n\n<figure class=\"wp-block-image size-large\"><img loading=\"lazy\" decoding=\"async\" width=\"768\" height=\"1024\" src=\"https:\/\/www.ecolegabrieldeshayes.fr\/blog\/wp-content\/uploads\/IMG_1534-1-768x1024.jpg\" alt=\"\" class=\"wp-image-5017\" srcset=\"https:\/\/www.ecolegabrieldeshayes.fr\/blog\/wp-content\/uploads\/IMG_1534-1-768x1024.jpg 768w, https:\/\/www.ecolegabrieldeshayes.fr\/blog\/wp-content\/uploads\/IMG_1534-1-225x300.jpg 225w, https:\/\/www.ecolegabrieldeshayes.fr\/blog\/wp-content\/uploads\/IMG_1534-1-1152x1536.jpg 1152w, https:\/\/www.ecolegabrieldeshayes.fr\/blog\/wp-content\/uploads\/IMG_1534-1-scaled.jpg 1536w\" sizes=\"auto, (max-width: 767px) 89vw, (max-width: 1000px) 54vw, (max-width: 1071px) 543px, 580px\" \/><\/figure>\n","protected":false},"excerpt":{"rendered":"<p>Mardi 24 mai, nous avons rencontr\u00e9 Th\u00e9o, le grand fr\u00e8re de Malo et son correspondant allemand Lukas. Suite \u00e0 notre semaine des langues, ils sont venus dans notre classe pour nous parler du pays de Lukas, l\u2019Allemagne. Lukas habite dans une petite ville pr\u00e8s de Francfort. Quand il \u00e9tait petit de 3 \u00e0 6 ans, &hellip; <\/p>\n<p class=\"link-more\"><a href=\"https:\/\/www.ecolegabrieldeshayes.fr\/blog\/?p=5013\" class=\"more-link\">Continuer la lecture<span class=\"screen-reader-text\"> de &laquo;&nbsp;Les CE2 \u00e0 la d\u00e9couverte de l&rsquo;Allemagne.&nbsp;&raquo;<\/span><\/a><\/p>\n","protected":false},"author":4,"featured_media":0,"comment_status":"closed","ping_status":"open","sticky":false,"template":"","format":"standard","meta":{"footnotes":""},"categories":[6],"tags":[],"class_list":["post-5013","post","type-post","status-publish","format-standard","hentry","category-cycle-2"],"_links":{"self":[{"href":"https:\/\/www.ecolegabrieldeshayes.fr\/blog\/index.php?rest_route=\/wp\/v2\/posts\/5013","targetHints":{"allow":["GET"]}}],"collection":[{"href":"https:\/\/www.ecolegabrieldeshayes.fr\/blog\/index.php?rest_route=\/wp\/v2\/posts"}],"about":[{"href":"https:\/\/www.ecolegabrieldeshayes.fr\/blog\/index.php?rest_route=\/wp\/v2\/types\/post"}],"author":[{"embeddable":true,"href":"https:\/\/www.ecolegabrieldeshayes.fr\/blog\/index.php?rest_route=\/wp\/v2\/users\/4"}],"replies":[{"embeddable":true,"href":"https:\/\/www.ecolegabrieldeshayes.fr\/blog\/index.php?rest_route=%2Fwp%2Fv2%2Fcomments&post=5013"}],"version-history":[{"count":1,"href":"https:\/\/www.ecolegabrieldeshayes.fr\/blog\/index.php?rest_route=\/wp\/v2\/posts\/5013\/revisions"}],"predecessor-version":[{"id":5018,"href":"https:\/\/www.ecolegabrieldeshayes.fr\/blog\/index.php?rest_route=\/wp\/v2\/posts\/5013\/revisions\/5018"}],"wp:attachment":[{"href":"https:\/\/www.ecolegabrieldeshayes.fr\/blog\/index.php?rest_route=%2Fwp%2Fv2%2Fmedia&parent=5013"}],"wp:term":[{"taxonomy":"category","embeddable":true,"href":"https:\/\/www.ecolegabrieldeshayes.fr\/blog\/index.php?rest_route=%2Fwp%2Fv2%2Fcategories&post=5013"},{"taxonomy":"post_tag","embeddable":true,"href":"https:\/\/www.ecolegabrieldeshayes.fr\/blog\/index.php?rest_route=%2Fwp%2Fv2%2Ftags&post=5013"}],"curies":[{"name":"wp","href":"https:\/\/api.w.org\/{rel}","templated":true}]}}