{"id":5028,"date":"2022-06-02T12:20:17","date_gmt":"2022-06-02T10:20:17","guid":{"rendered":"http:\/\/www.ecolegabrieldeshayes.fr\/blog\/?p=5028"},"modified":"2022-06-02T12:20:17","modified_gmt":"2022-06-02T10:20:17","slug":"journee-festive-du-21-mai","status":"publish","type":"post","link":"https:\/\/www.ecolegabrieldeshayes.fr\/blog\/?p=5028","title":{"rendered":"Journ\u00e9e festive du 21 mai"},"content":{"rendered":"\n<p>Voici les photos et vid\u00e9os de la journ\u00e9e festive de l&rsquo;\u00e9cole. Le soleil, la musique et les sourires \u00e9taient au rendez-vous! Les enfants ont dans\u00e9 sur le th\u00e8me de la nourriture.<br>C&rsquo;\u00e9tait une belle journ\u00e9e!<\/p>\n\n\n\n<p><br><br><a href=\"https:\/\/photos.app.goo.gl\/BXrrPTKRxa4g9jW1A\">https:\/\/photos.app.goo.gl\/BXrrPTKRxa4g9jW1A<\/a><\/p>\n\n\n\n<figure class=\"wp-block-image size-large\"><img loading=\"lazy\" decoding=\"async\" width=\"1024\" height=\"683\" src=\"https:\/\/www.ecolegabrieldeshayes.fr\/blog\/wp-content\/uploads\/IMG_2416-1024x683.jpg\" alt=\"\" class=\"wp-image-5031\" srcset=\"https:\/\/www.ecolegabrieldeshayes.fr\/blog\/wp-content\/uploads\/IMG_2416-1024x683.jpg 1024w, https:\/\/www.ecolegabrieldeshayes.fr\/blog\/wp-content\/uploads\/IMG_2416-300x200.jpg 300w, https:\/\/www.ecolegabrieldeshayes.fr\/blog\/wp-content\/uploads\/IMG_2416-768x512.jpg 768w, https:\/\/www.ecolegabrieldeshayes.fr\/blog\/wp-content\/uploads\/IMG_2416-1536x1024.jpg 1536w, https:\/\/www.ecolegabrieldeshayes.fr\/blog\/wp-content\/uploads\/IMG_2416-scaled.jpg 2048w\" sizes=\"auto, (max-width: 767px) 89vw, (max-width: 1000px) 54vw, (max-width: 1071px) 543px, 580px\" \/><\/figure>\n\n\n\n<p><\/p>\n","protected":false},"excerpt":{"rendered":"<p>Voici les photos et vid\u00e9os de la journ\u00e9e festive de l&rsquo;\u00e9cole. Le soleil, la musique et les sourires \u00e9taient au rendez-vous! Les enfants ont dans\u00e9 sur le th\u00e8me de la nourriture.C&rsquo;\u00e9tait une belle journ\u00e9e! https:\/\/photos.app.goo.gl\/BXrrPTKRxa4g9jW1A<\/p>\n","protected":false},"author":7,"featured_media":0,"comment_status":"closed","ping_status":"open","sticky":false,"template":"","format":"standard","meta":{"footnotes":""},"categories":[1],"tags":[],"class_list":["post-5028","post","type-post","status-publish","format-standard","hentry","category-non-classe"],"_links":{"self":[{"href":"https:\/\/www.ecolegabrieldeshayes.fr\/blog\/index.php?rest_route=\/wp\/v2\/posts\/5028","targetHints":{"allow":["GET"]}}],"collection":[{"href":"https:\/\/www.ecolegabrieldeshayes.fr\/blog\/index.php?rest_route=\/wp\/v2\/posts"}],"about":[{"href":"https:\/\/www.ecolegabrieldeshayes.fr\/blog\/index.php?rest_route=\/wp\/v2\/types\/post"}],"author":[{"embeddable":true,"href":"https:\/\/www.ecolegabrieldeshayes.fr\/blog\/index.php?rest_route=\/wp\/v2\/users\/7"}],"replies":[{"embeddable":true,"href":"https:\/\/www.ecolegabrieldeshayes.fr\/blog\/index.php?rest_route=%2Fwp%2Fv2%2Fcomments&post=5028"}],"version-history":[{"count":2,"href":"https:\/\/www.ecolegabrieldeshayes.fr\/blog\/index.php?rest_route=\/wp\/v2\/posts\/5028\/revisions"}],"predecessor-version":[{"id":5032,"href":"https:\/\/www.ecolegabrieldeshayes.fr\/blog\/index.php?rest_route=\/wp\/v2\/posts\/5028\/revisions\/5032"}],"wp:attachment":[{"href":"https:\/\/www.ecolegabrieldeshayes.fr\/blog\/index.php?rest_route=%2Fwp%2Fv2%2Fmedia&parent=5028"}],"wp:term":[{"taxonomy":"category","embeddable":true,"href":"https:\/\/www.ecolegabrieldeshayes.fr\/blog\/index.php?rest_route=%2Fwp%2Fv2%2Fcategories&post=5028"},{"taxonomy":"post_tag","embeddable":true,"href":"https:\/\/www.ecolegabrieldeshayes.fr\/blog\/index.php?rest_route=%2Fwp%2Fv2%2Ftags&post=5028"}],"curies":[{"name":"wp","href":"https:\/\/api.w.org\/{rel}","templated":true}]}}