{"id":5060,"date":"2022-06-20T17:21:29","date_gmt":"2022-06-20T15:21:29","guid":{"rendered":"http:\/\/www.ecolegabrieldeshayes.fr\/blog\/?p=5060"},"modified":"2022-06-20T21:32:55","modified_gmt":"2022-06-20T19:32:55","slug":"classe-de-voile-des-ce2-jour-1","status":"publish","type":"post","link":"https:\/\/www.ecolegabrieldeshayes.fr\/blog\/?p=5060","title":{"rendered":"Classe de voile des CE2 jour 1"},"content":{"rendered":"\n<p>Lundi 20 juin, c&rsquo;est notre premier jour de voile au Fort de Kernevest \u00e0 St Philibert.<\/p>\n\n\n\n<p>Avec notre monitrice de voile Karen, nous avons appris le vocabulaire maritime et les diff\u00e9rents \u00e9l\u00e9ments du catamaran et nous avons eu notre premi\u00e8re s\u00e9ance de voile. Il n&rsquo;y avait pas beaucoup de vent mais c&rsquo;\u00e9tait super!<\/p>\n\n\n\n<p><a href=\"https:\/\/photos.app.goo.gl\/veMD7ppXLzuNc9ev9\">Voici les photos du groupe A<\/a><\/p>\n\n\n\n<p><a href=\"https:\/\/photos.app.goo.gl\/cT6UvoiC57HUnk556\">Photos du groupe B&#8230;.et un peu du A!<\/a><\/p>\n\n\n\n<figure class=\"wp-block-image size-large is-style-rounded\"><img loading=\"lazy\" decoding=\"async\" width=\"1024\" height=\"768\" src=\"https:\/\/www.ecolegabrieldeshayes.fr\/blog\/wp-content\/uploads\/IMG_1796-1024x768.jpg\" alt=\"\" class=\"wp-image-5061\" srcset=\"https:\/\/www.ecolegabrieldeshayes.fr\/blog\/wp-content\/uploads\/IMG_1796-1024x768.jpg 1024w, https:\/\/www.ecolegabrieldeshayes.fr\/blog\/wp-content\/uploads\/IMG_1796-300x225.jpg 300w, https:\/\/www.ecolegabrieldeshayes.fr\/blog\/wp-content\/uploads\/IMG_1796-768x576.jpg 768w, https:\/\/www.ecolegabrieldeshayes.fr\/blog\/wp-content\/uploads\/IMG_1796-1536x1152.jpg 1536w, https:\/\/www.ecolegabrieldeshayes.fr\/blog\/wp-content\/uploads\/IMG_1796-scaled.jpg 2048w\" sizes=\"auto, (max-width: 767px) 89vw, (max-width: 1000px) 54vw, (max-width: 1071px) 543px, 580px\" \/><\/figure>\n","protected":false},"excerpt":{"rendered":"<p>Lundi 20 juin, c&rsquo;est notre premier jour de voile au Fort de Kernevest \u00e0 St Philibert. Avec notre monitrice de voile Karen, nous avons appris le vocabulaire maritime et les diff\u00e9rents \u00e9l\u00e9ments du catamaran et nous avons eu notre premi\u00e8re s\u00e9ance de voile. Il n&rsquo;y avait pas beaucoup de vent mais c&rsquo;\u00e9tait super! Voici les &hellip; <\/p>\n<p class=\"link-more\"><a href=\"https:\/\/www.ecolegabrieldeshayes.fr\/blog\/?p=5060\" class=\"more-link\">Continuer la lecture<span class=\"screen-reader-text\"> de &laquo;&nbsp;Classe de voile des CE2 jour 1&nbsp;&raquo;<\/span><\/a><\/p>\n","protected":false},"author":4,"featured_media":0,"comment_status":"closed","ping_status":"open","sticky":false,"template":"","format":"standard","meta":{"footnotes":""},"categories":[6],"tags":[],"class_list":["post-5060","post","type-post","status-publish","format-standard","hentry","category-cycle-2"],"_links":{"self":[{"href":"https:\/\/www.ecolegabrieldeshayes.fr\/blog\/index.php?rest_route=\/wp\/v2\/posts\/5060","targetHints":{"allow":["GET"]}}],"collection":[{"href":"https:\/\/www.ecolegabrieldeshayes.fr\/blog\/index.php?rest_route=\/wp\/v2\/posts"}],"about":[{"href":"https:\/\/www.ecolegabrieldeshayes.fr\/blog\/index.php?rest_route=\/wp\/v2\/types\/post"}],"author":[{"embeddable":true,"href":"https:\/\/www.ecolegabrieldeshayes.fr\/blog\/index.php?rest_route=\/wp\/v2\/users\/4"}],"replies":[{"embeddable":true,"href":"https:\/\/www.ecolegabrieldeshayes.fr\/blog\/index.php?rest_route=%2Fwp%2Fv2%2Fcomments&post=5060"}],"version-history":[{"count":3,"href":"https:\/\/www.ecolegabrieldeshayes.fr\/blog\/index.php?rest_route=\/wp\/v2\/posts\/5060\/revisions"}],"predecessor-version":[{"id":5078,"href":"https:\/\/www.ecolegabrieldeshayes.fr\/blog\/index.php?rest_route=\/wp\/v2\/posts\/5060\/revisions\/5078"}],"wp:attachment":[{"href":"https:\/\/www.ecolegabrieldeshayes.fr\/blog\/index.php?rest_route=%2Fwp%2Fv2%2Fmedia&parent=5060"}],"wp:term":[{"taxonomy":"category","embeddable":true,"href":"https:\/\/www.ecolegabrieldeshayes.fr\/blog\/index.php?rest_route=%2Fwp%2Fv2%2Fcategories&post=5060"},{"taxonomy":"post_tag","embeddable":true,"href":"https:\/\/www.ecolegabrieldeshayes.fr\/blog\/index.php?rest_route=%2Fwp%2Fv2%2Ftags&post=5060"}],"curies":[{"name":"wp","href":"https:\/\/api.w.org\/{rel}","templated":true}]}}