{"id":5063,"date":"2022-06-20T20:46:44","date_gmt":"2022-06-20T18:46:44","guid":{"rendered":"http:\/\/www.ecolegabrieldeshayes.fr\/blog\/?p=5063"},"modified":"2022-06-20T20:49:07","modified_gmt":"2022-06-20T18:49:07","slug":"sortie-a-st-degan-pour-les-gs-cp-sees-de-fabienne-et-les-cp-dannick","status":"publish","type":"post","link":"https:\/\/www.ecolegabrieldeshayes.fr\/blog\/?p=5063","title":{"rendered":"Sortie \u00e0 St Degan pour les GS\/CP\/ SEES de Fabienne et les CP d&rsquo;Annick"},"content":{"rendered":"\n<div class=\"wp-block-image\"><figure class=\"alignleft\"><img decoding=\"async\" src=\"https:\/\/www.gifgratis.net\/gifs_animes\/pain\/4.gif\" alt=\"EMOTICON pain 4\"\/><\/figure><\/div>\n\n\n\n<p class=\"has-text-align-left has-luminous-vivid-orange-color has-text-color\">         Ce lundi 20 juin, les \u00e9l\u00e8ves des classes GS\/CP\/SEES de Fabienne ainsi que les CP d&rsquo;Annick se sont rendus \u00e0 St Degan pour une journ\u00e9e sur la fabrication du pain . <br>Plusieurs ateliers attendaient nos petits boulangers : mise en chauffe du four \u00e0 pain, fa\u00e7onnage de petits pains ( pain nature et pain aux p\u00e9pites de chocolat) , d\u00e9couverte d&rsquo;un \u00e9pi de bl\u00e9 avec recherche des grains \u00e0 l&rsquo;int\u00e9rieur  puis broyage  \u00e0 l&rsquo;aide  une  pierre et utilisation d&rsquo;un petit moulin ; visite d&rsquo;un     champ de bl\u00e9 noir, seigle et bl\u00e9 . <br>L&rsquo;apr\u00e8s-midi \u00e9tait consacr\u00e9e aux jeux bretons  et \u00e0 la cuisson des pains .<\/p>\n\n\n\n<p class=\"has-text-align-center has-vivid-green-cyan-color has-text-color\"><br>Un grand merci \u00e0 C\u00e9cile , Tony et Lucas   nos animateurs de la journ\u00e9e . <br>Un grand merci \u00e9galement aux parents accompagnateurs ! <\/p>\n\n\n\n<p class=\"has-text-align-center has-vivid-purple-color has-text-color\">Une belle et derni\u00e8re sortie scolaire pour Annick !!! <\/p>\n\n\n\n<p>Pho<a href=\"https:\/\/photos.app.goo.gl\/yYSwP6eN51pb3TDj6\" data-type=\"URL\" data-id=\"https:\/\/photos.app.goo.gl\/yYSwP6eN51pb3TDj6\">tos classe Fabienne<\/a><\/p>\n\n\n\n<p class=\"has-text-align-center has-vivid-purple-color has-text-color\"><br><\/p>\n\n\n\n<div class=\"wp-block-image\"><figure class=\"aligncenter size-full\"><img loading=\"lazy\" decoding=\"async\" width=\"234\" height=\"216\" src=\"https:\/\/www.ecolegabrieldeshayes.fr\/blog\/wp-content\/uploads\/image-5.jpeg\" alt=\"\" class=\"wp-image-5071\"\/><\/figure><\/div>\n\n\n\n<p><\/p>\n","protected":false},"excerpt":{"rendered":"<p>Ce lundi 20 juin, les \u00e9l\u00e8ves des classes GS\/CP\/SEES de Fabienne ainsi que les CP d&rsquo;Annick se sont rendus \u00e0 St Degan pour une journ\u00e9e sur la fabrication du pain . Plusieurs ateliers attendaient nos petits boulangers : mise en chauffe du four \u00e0 pain, fa\u00e7onnage de petits pains ( pain nature et pain aux &hellip; <\/p>\n<p class=\"link-more\"><a href=\"https:\/\/www.ecolegabrieldeshayes.fr\/blog\/?p=5063\" class=\"more-link\">Continuer la lecture<span class=\"screen-reader-text\"> de &laquo;&nbsp;Sortie \u00e0 St Degan pour les GS\/CP\/ SEES de Fabienne et les CP d&rsquo;Annick&nbsp;&raquo;<\/span><\/a><\/p>\n","protected":false},"author":12,"featured_media":0,"comment_status":"closed","ping_status":"open","sticky":false,"template":"","format":"standard","meta":{"footnotes":""},"categories":[5,6],"tags":[],"class_list":["post-5063","post","type-post","status-publish","format-standard","hentry","category-cycle-1","category-cycle-2"],"_links":{"self":[{"href":"https:\/\/www.ecolegabrieldeshayes.fr\/blog\/index.php?rest_route=\/wp\/v2\/posts\/5063","targetHints":{"allow":["GET"]}}],"collection":[{"href":"https:\/\/www.ecolegabrieldeshayes.fr\/blog\/index.php?rest_route=\/wp\/v2\/posts"}],"about":[{"href":"https:\/\/www.ecolegabrieldeshayes.fr\/blog\/index.php?rest_route=\/wp\/v2\/types\/post"}],"author":[{"embeddable":true,"href":"https:\/\/www.ecolegabrieldeshayes.fr\/blog\/index.php?rest_route=\/wp\/v2\/users\/12"}],"replies":[{"embeddable":true,"href":"https:\/\/www.ecolegabrieldeshayes.fr\/blog\/index.php?rest_route=%2Fwp%2Fv2%2Fcomments&post=5063"}],"version-history":[{"count":9,"href":"https:\/\/www.ecolegabrieldeshayes.fr\/blog\/index.php?rest_route=\/wp\/v2\/posts\/5063\/revisions"}],"predecessor-version":[{"id":5076,"href":"https:\/\/www.ecolegabrieldeshayes.fr\/blog\/index.php?rest_route=\/wp\/v2\/posts\/5063\/revisions\/5076"}],"wp:attachment":[{"href":"https:\/\/www.ecolegabrieldeshayes.fr\/blog\/index.php?rest_route=%2Fwp%2Fv2%2Fmedia&parent=5063"}],"wp:term":[{"taxonomy":"category","embeddable":true,"href":"https:\/\/www.ecolegabrieldeshayes.fr\/blog\/index.php?rest_route=%2Fwp%2Fv2%2Fcategories&post=5063"},{"taxonomy":"post_tag","embeddable":true,"href":"https:\/\/www.ecolegabrieldeshayes.fr\/blog\/index.php?rest_route=%2Fwp%2Fv2%2Ftags&post=5063"}],"curies":[{"name":"wp","href":"https:\/\/api.w.org\/{rel}","templated":true}]}}