{"id":5083,"date":"2022-06-21T17:20:40","date_gmt":"2022-06-21T15:20:40","guid":{"rendered":"http:\/\/www.ecolegabrieldeshayes.fr\/blog\/?p=5083"},"modified":"2022-06-22T14:39:41","modified_gmt":"2022-06-22T12:39:41","slug":"classe-de-voile-ce2-jour-2","status":"publish","type":"post","link":"https:\/\/www.ecolegabrieldeshayes.fr\/blog\/?p=5083","title":{"rendered":"Classe de Voile CE2: jour 2"},"content":{"rendered":"\n<p>Deuxi\u00e8me s\u00e9ance de voile, pique-nique sur la plage et d\u00e9couverte du milieu marin, de l&rsquo;estran et p\u00eache \u00e0 pied avec Anne Jacob, guide littoral.<\/p>\n\n\n\n<p><a href=\"https:\/\/photos.app.goo.gl\/WTbSeqi3WcBUPKbd7\">Voici les photos du groupe A<\/a><\/p>\n\n\n\n<p>Puis celles du groupe B:  <a href=\"https:\/\/photos.app.goo.gl\/9rpTthSjbHxEBg7eA\" data-type=\"URL\" data-id=\"https:\/\/photos.app.goo.gl\/9rpTthSjbHxEBg7eA\">https:\/\/photos.app.goo.gl\/9rpTthSjbHxEBg7eA<\/a>  <\/p>\n\n\n\n<figure class=\"wp-block-image size-large is-style-rounded\"><img loading=\"lazy\" decoding=\"async\" width=\"1024\" height=\"768\" src=\"https:\/\/www.ecolegabrieldeshayes.fr\/blog\/wp-content\/uploads\/IMG_1877-1024x768.jpg\" alt=\"\" class=\"wp-image-5086\" srcset=\"https:\/\/www.ecolegabrieldeshayes.fr\/blog\/wp-content\/uploads\/IMG_1877-1024x768.jpg 1024w, https:\/\/www.ecolegabrieldeshayes.fr\/blog\/wp-content\/uploads\/IMG_1877-300x225.jpg 300w, https:\/\/www.ecolegabrieldeshayes.fr\/blog\/wp-content\/uploads\/IMG_1877-768x576.jpg 768w, https:\/\/www.ecolegabrieldeshayes.fr\/blog\/wp-content\/uploads\/IMG_1877-1536x1152.jpg 1536w, https:\/\/www.ecolegabrieldeshayes.fr\/blog\/wp-content\/uploads\/IMG_1877-scaled.jpg 2048w\" sizes=\"auto, (max-width: 767px) 89vw, (max-width: 1000px) 54vw, (max-width: 1071px) 543px, 580px\" \/><\/figure>\n\n\n\n<p><\/p>\n","protected":false},"excerpt":{"rendered":"<p>Deuxi\u00e8me s\u00e9ance de voile, pique-nique sur la plage et d\u00e9couverte du milieu marin, de l&rsquo;estran et p\u00eache \u00e0 pied avec Anne Jacob, guide littoral. Voici les photos du groupe A Puis celles du groupe B: https:\/\/photos.app.goo.gl\/9rpTthSjbHxEBg7eA<\/p>\n","protected":false},"author":4,"featured_media":0,"comment_status":"closed","ping_status":"open","sticky":false,"template":"","format":"standard","meta":{"footnotes":""},"categories":[6],"tags":[],"class_list":["post-5083","post","type-post","status-publish","format-standard","hentry","category-cycle-2"],"_links":{"self":[{"href":"https:\/\/www.ecolegabrieldeshayes.fr\/blog\/index.php?rest_route=\/wp\/v2\/posts\/5083","targetHints":{"allow":["GET"]}}],"collection":[{"href":"https:\/\/www.ecolegabrieldeshayes.fr\/blog\/index.php?rest_route=\/wp\/v2\/posts"}],"about":[{"href":"https:\/\/www.ecolegabrieldeshayes.fr\/blog\/index.php?rest_route=\/wp\/v2\/types\/post"}],"author":[{"embeddable":true,"href":"https:\/\/www.ecolegabrieldeshayes.fr\/blog\/index.php?rest_route=\/wp\/v2\/users\/4"}],"replies":[{"embeddable":true,"href":"https:\/\/www.ecolegabrieldeshayes.fr\/blog\/index.php?rest_route=%2Fwp%2Fv2%2Fcomments&post=5083"}],"version-history":[{"count":3,"href":"https:\/\/www.ecolegabrieldeshayes.fr\/blog\/index.php?rest_route=\/wp\/v2\/posts\/5083\/revisions"}],"predecessor-version":[{"id":5094,"href":"https:\/\/www.ecolegabrieldeshayes.fr\/blog\/index.php?rest_route=\/wp\/v2\/posts\/5083\/revisions\/5094"}],"wp:attachment":[{"href":"https:\/\/www.ecolegabrieldeshayes.fr\/blog\/index.php?rest_route=%2Fwp%2Fv2%2Fmedia&parent=5083"}],"wp:term":[{"taxonomy":"category","embeddable":true,"href":"https:\/\/www.ecolegabrieldeshayes.fr\/blog\/index.php?rest_route=%2Fwp%2Fv2%2Fcategories&post=5083"},{"taxonomy":"post_tag","embeddable":true,"href":"https:\/\/www.ecolegabrieldeshayes.fr\/blog\/index.php?rest_route=%2Fwp%2Fv2%2Ftags&post=5083"}],"curies":[{"name":"wp","href":"https:\/\/api.w.org\/{rel}","templated":true}]}}