{"id":5125,"date":"2022-06-23T16:46:52","date_gmt":"2022-06-23T14:46:52","guid":{"rendered":"http:\/\/www.ecolegabrieldeshayes.fr\/blog\/?p=5125"},"modified":"2022-06-23T16:47:00","modified_gmt":"2022-06-23T14:47:00","slug":"electriciens-sans-frontieres-en-cm1","status":"publish","type":"post","link":"https:\/\/www.ecolegabrieldeshayes.fr\/blog\/?p=5125","title":{"rendered":"\u00c9lectriciens Sans Fronti\u00e8res en CM1"},"content":{"rendered":"\n<p>Gr\u00e2ce aux d\u00e9fis Eco-syst\u00e8me, la classe de CM1 a pu b\u00e9n\u00e9ficier d&rsquo;une intervention de l&rsquo;association Electriciens Sans Fronti\u00e8res.<\/p>\n\n\n\n<p>Depuis 35 ans, cette association s&rsquo;est donn\u00e9e pour mission d&rsquo;apporter de l&rsquo;eau ( gr\u00e2ce \u00e0 des pompes) et de l&rsquo;\u00e9lectricit\u00e9 ( gr\u00e2ce \u00e0 des panneaux solaires).<\/p>\n\n\n\n<p>Pierre, b\u00e9n\u00e9vole de l&rsquo;association, sa femme Ir\u00e8ne et David, un stagiaire ont expliqu\u00e9 \u00e0 la classe de CM1  leurs missions, notamment au Burkina Faso.<\/p>\n\n\n\n<p>Pour terminer l&rsquo;apr\u00e8s-midi, des maquettes de puits et d&rsquo;\u00e9lectricit\u00e9 via panneaux solaires ont \u00e9t\u00e9 pr\u00e9sent\u00e9es aux \u00e9l\u00e8ves.<\/p>\n\n\n\n<p>Nous avons appris beaucoup de choses, sur le Burkina Faso, l&rsquo;association, la vie en Afrique.<\/p>\n\n\n\n<figure class=\"wp-block-image size-large\"><img loading=\"lazy\" decoding=\"async\" width=\"1024\" height=\"768\" src=\"https:\/\/www.ecolegabrieldeshayes.fr\/blog\/wp-content\/uploads\/IMG_20220623_154249-1024x768.jpg\" alt=\"\" class=\"wp-image-5126\" srcset=\"https:\/\/www.ecolegabrieldeshayes.fr\/blog\/wp-content\/uploads\/IMG_20220623_154249-1024x768.jpg 1024w, https:\/\/www.ecolegabrieldeshayes.fr\/blog\/wp-content\/uploads\/IMG_20220623_154249-300x225.jpg 300w, https:\/\/www.ecolegabrieldeshayes.fr\/blog\/wp-content\/uploads\/IMG_20220623_154249-768x576.jpg 768w, https:\/\/www.ecolegabrieldeshayes.fr\/blog\/wp-content\/uploads\/IMG_20220623_154249-1536x1152.jpg 1536w, https:\/\/www.ecolegabrieldeshayes.fr\/blog\/wp-content\/uploads\/IMG_20220623_154249-scaled.jpg 2048w\" sizes=\"auto, (max-width: 767px) 89vw, (max-width: 1000px) 54vw, (max-width: 1071px) 543px, 580px\" \/><\/figure>\n\n\n\n<p><\/p>\n\n\n\n<p>Voici le lien pour les photos : <a href=\"https:\/\/photos.app.goo.gl\/L4TW2uCbH6qoyg2d8\">https:\/\/photos.app.goo.gl\/L4TW2uCbH6qoyg2d8<\/a><\/p>\n","protected":false},"excerpt":{"rendered":"<p>Gr\u00e2ce aux d\u00e9fis Eco-syst\u00e8me, la classe de CM1 a pu b\u00e9n\u00e9ficier d&rsquo;une intervention de l&rsquo;association Electriciens Sans Fronti\u00e8res. Depuis 35 ans, cette association s&rsquo;est donn\u00e9e pour mission d&rsquo;apporter de l&rsquo;eau ( gr\u00e2ce \u00e0 des pompes) et de l&rsquo;\u00e9lectricit\u00e9 ( gr\u00e2ce \u00e0 des panneaux solaires). Pierre, b\u00e9n\u00e9vole de l&rsquo;association, sa femme Ir\u00e8ne et David, un stagiaire &hellip; <\/p>\n<p class=\"link-more\"><a href=\"https:\/\/www.ecolegabrieldeshayes.fr\/blog\/?p=5125\" class=\"more-link\">Continuer la lecture<span class=\"screen-reader-text\"> de &laquo;&nbsp;\u00c9lectriciens Sans Fronti\u00e8res en CM1&nbsp;&raquo;<\/span><\/a><\/p>\n","protected":false},"author":6,"featured_media":0,"comment_status":"closed","ping_status":"open","sticky":false,"template":"","format":"standard","meta":{"footnotes":""},"categories":[7,1],"tags":[],"class_list":["post-5125","post","type-post","status-publish","format-standard","hentry","category-cycle-3","category-non-classe"],"_links":{"self":[{"href":"https:\/\/www.ecolegabrieldeshayes.fr\/blog\/index.php?rest_route=\/wp\/v2\/posts\/5125","targetHints":{"allow":["GET"]}}],"collection":[{"href":"https:\/\/www.ecolegabrieldeshayes.fr\/blog\/index.php?rest_route=\/wp\/v2\/posts"}],"about":[{"href":"https:\/\/www.ecolegabrieldeshayes.fr\/blog\/index.php?rest_route=\/wp\/v2\/types\/post"}],"author":[{"embeddable":true,"href":"https:\/\/www.ecolegabrieldeshayes.fr\/blog\/index.php?rest_route=\/wp\/v2\/users\/6"}],"replies":[{"embeddable":true,"href":"https:\/\/www.ecolegabrieldeshayes.fr\/blog\/index.php?rest_route=%2Fwp%2Fv2%2Fcomments&post=5125"}],"version-history":[{"count":1,"href":"https:\/\/www.ecolegabrieldeshayes.fr\/blog\/index.php?rest_route=\/wp\/v2\/posts\/5125\/revisions"}],"predecessor-version":[{"id":5127,"href":"https:\/\/www.ecolegabrieldeshayes.fr\/blog\/index.php?rest_route=\/wp\/v2\/posts\/5125\/revisions\/5127"}],"wp:attachment":[{"href":"https:\/\/www.ecolegabrieldeshayes.fr\/blog\/index.php?rest_route=%2Fwp%2Fv2%2Fmedia&parent=5125"}],"wp:term":[{"taxonomy":"category","embeddable":true,"href":"https:\/\/www.ecolegabrieldeshayes.fr\/blog\/index.php?rest_route=%2Fwp%2Fv2%2Fcategories&post=5125"},{"taxonomy":"post_tag","embeddable":true,"href":"https:\/\/www.ecolegabrieldeshayes.fr\/blog\/index.php?rest_route=%2Fwp%2Fv2%2Ftags&post=5125"}],"curies":[{"name":"wp","href":"https:\/\/api.w.org\/{rel}","templated":true}]}}