{"id":5406,"date":"2022-12-10T17:36:04","date_gmt":"2022-12-10T16:36:04","guid":{"rendered":"http:\/\/www.ecolegabrieldeshayes.fr\/blog\/?p=5406"},"modified":"2023-01-02T11:18:56","modified_gmt":"2023-01-02T10:18:56","slug":"les-ce2-cm1-a-leau","status":"publish","type":"post","link":"https:\/\/www.ecolegabrieldeshayes.fr\/blog\/?p=5406","title":{"rendered":"Les ce2-cm1 \u00e0 l&rsquo;eau"},"content":{"rendered":"\n<p>Voici quelques photos des \u00e9l\u00e8ves de ce2-cm1 \u00e0 la piscine.<\/p>\n\n\n\n<p>L&rsquo;\u00e9quipe d&rsquo;Alr\u00e9o nous accueille le jeudi apr\u00e8s-midi. <\/p>\n\n\n\n<p>Au programme: des progr\u00e8s et du plaisir!<\/p>\n\n\n\n<figure class=\"wp-block-image size-full\"><img loading=\"lazy\" decoding=\"async\" width=\"640\" height=\"480\" src=\"https:\/\/www.ecolegabrieldeshayes.fr\/blog\/wp-content\/uploads\/thumbnail_IMG_0768.jpg\" alt=\"\" class=\"wp-image-5407\" srcset=\"https:\/\/www.ecolegabrieldeshayes.fr\/blog\/wp-content\/uploads\/thumbnail_IMG_0768.jpg 640w, https:\/\/www.ecolegabrieldeshayes.fr\/blog\/wp-content\/uploads\/thumbnail_IMG_0768-300x225.jpg 300w\" sizes=\"auto, (max-width: 640px) 100vw, 640px\" \/><\/figure>\n\n\n\n<p> https:\/\/photos.app.goo.gl\/SKGmGxE3LRFzMXnn8  <\/p>\n","protected":false},"excerpt":{"rendered":"<p>Voici quelques photos des \u00e9l\u00e8ves de ce2-cm1 \u00e0 la piscine. L&rsquo;\u00e9quipe d&rsquo;Alr\u00e9o nous accueille le jeudi apr\u00e8s-midi. Au programme: des progr\u00e8s et du plaisir! https:\/\/photos.app.goo.gl\/SKGmGxE3LRFzMXnn8<\/p>\n","protected":false},"author":23,"featured_media":0,"comment_status":"closed","ping_status":"open","sticky":false,"template":"","format":"standard","meta":{"footnotes":""},"categories":[6,7,1],"tags":[],"class_list":["post-5406","post","type-post","status-publish","format-standard","hentry","category-cycle-2","category-cycle-3","category-non-classe"],"_links":{"self":[{"href":"https:\/\/www.ecolegabrieldeshayes.fr\/blog\/index.php?rest_route=\/wp\/v2\/posts\/5406","targetHints":{"allow":["GET"]}}],"collection":[{"href":"https:\/\/www.ecolegabrieldeshayes.fr\/blog\/index.php?rest_route=\/wp\/v2\/posts"}],"about":[{"href":"https:\/\/www.ecolegabrieldeshayes.fr\/blog\/index.php?rest_route=\/wp\/v2\/types\/post"}],"author":[{"embeddable":true,"href":"https:\/\/www.ecolegabrieldeshayes.fr\/blog\/index.php?rest_route=\/wp\/v2\/users\/23"}],"replies":[{"embeddable":true,"href":"https:\/\/www.ecolegabrieldeshayes.fr\/blog\/index.php?rest_route=%2Fwp%2Fv2%2Fcomments&post=5406"}],"version-history":[{"count":2,"href":"https:\/\/www.ecolegabrieldeshayes.fr\/blog\/index.php?rest_route=\/wp\/v2\/posts\/5406\/revisions"}],"predecessor-version":[{"id":5409,"href":"https:\/\/www.ecolegabrieldeshayes.fr\/blog\/index.php?rest_route=\/wp\/v2\/posts\/5406\/revisions\/5409"}],"wp:attachment":[{"href":"https:\/\/www.ecolegabrieldeshayes.fr\/blog\/index.php?rest_route=%2Fwp%2Fv2%2Fmedia&parent=5406"}],"wp:term":[{"taxonomy":"category","embeddable":true,"href":"https:\/\/www.ecolegabrieldeshayes.fr\/blog\/index.php?rest_route=%2Fwp%2Fv2%2Fcategories&post=5406"},{"taxonomy":"post_tag","embeddable":true,"href":"https:\/\/www.ecolegabrieldeshayes.fr\/blog\/index.php?rest_route=%2Fwp%2Fv2%2Ftags&post=5406"}],"curies":[{"name":"wp","href":"https:\/\/api.w.org\/{rel}","templated":true}]}}