{"id":557,"date":"2018-12-20T17:36:48","date_gmt":"2018-12-20T16:36:48","guid":{"rendered":"http:\/\/www.ecolegabrieldeshayes.fr\/blog\/?p=557"},"modified":"2018-12-20T17:43:59","modified_gmt":"2018-12-20T16:43:59","slug":"travail-autour-de-lavague-dhokusai-en-cm1-cm2","status":"publish","type":"post","link":"https:\/\/www.ecolegabrieldeshayes.fr\/blog\/?p=557","title":{"rendered":"Travail autour de laVague d&rsquo;Hokusa\u00ef en CM1 \/ CM2"},"content":{"rendered":"<p>Le th\u00e8me de l&rsquo;ann\u00e9e \u00e9tant l&rsquo;eau, les CM1-CM2 ont d\u00e9but\u00e9 cette rentr\u00e9e par un travail autour de la Vague, \u0153uvre japonaise, estampe du grand artiste Hokusa\u00ef.<\/p>\n<p><img loading=\"lazy\" decoding=\"async\" class=\"alignnone wp-image-558\" src=\"https:\/\/www.ecolegabrieldeshayes.fr\/blog\/wp-content\/uploads\/la-grande-vague-de-kanawaga-hokusai-02-300x207.jpg\" alt=\"\" width=\"252\" height=\"174\" srcset=\"https:\/\/www.ecolegabrieldeshayes.fr\/blog\/wp-content\/uploads\/la-grande-vague-de-kanawaga-hokusai-02-300x207.jpg 300w, https:\/\/www.ecolegabrieldeshayes.fr\/blog\/wp-content\/uploads\/la-grande-vague-de-kanawaga-hokusai-02.jpg 660w\" sizes=\"auto, (max-width: 252px) 100vw, 252px\" \/><\/p>\n<p>Par la suite, nous avons travaill\u00e9 deux livres en litt\u00e9rature : La Grande Vague de V\u00e9ronique Massenot et Le Vieux Fou de Dessin de Fran\u00e7ois Place, retra\u00e7ant de fa\u00e7on imaginaire la vie du Ma\u00eetre des estampes, l&rsquo;inventeur des Mangas, le plus grand artiste japonais : <span class=\"st\">Katsushika Hokusai<\/span><\/p>\n<p><img loading=\"lazy\" decoding=\"async\" class=\"wp-image-559 size-medium alignright\" src=\"https:\/\/www.ecolegabrieldeshayes.fr\/blog\/wp-content\/uploads\/0eLa-Grande-Vagueb-300x214.jpg\" alt=\"\" width=\"300\" height=\"214\" srcset=\"https:\/\/www.ecolegabrieldeshayes.fr\/blog\/wp-content\/uploads\/0eLa-Grande-Vagueb-300x214.jpg 300w, https:\/\/www.ecolegabrieldeshayes.fr\/blog\/wp-content\/uploads\/0eLa-Grande-Vagueb-768x549.jpg 768w, https:\/\/www.ecolegabrieldeshayes.fr\/blog\/wp-content\/uploads\/0eLa-Grande-Vagueb-1024x731.jpg 1024w, https:\/\/www.ecolegabrieldeshayes.fr\/blog\/wp-content\/uploads\/0eLa-Grande-Vagueb.jpg 1071w\" sizes=\"auto, (max-width: 300px) 100vw, 300px\" \/><img loading=\"lazy\" decoding=\"async\" class=\"wp-image-560 size-medium alignnone\" src=\"https:\/\/www.ecolegabrieldeshayes.fr\/blog\/wp-content\/uploads\/product_9782070577637_244x0-209x300.jpg\" alt=\"\" width=\"209\" height=\"300\" srcset=\"https:\/\/www.ecolegabrieldeshayes.fr\/blog\/wp-content\/uploads\/product_9782070577637_244x0-209x300.jpg 209w, https:\/\/www.ecolegabrieldeshayes.fr\/blog\/wp-content\/uploads\/product_9782070577637_244x0.jpg 244w\" sizes=\"auto, (max-width: 209px) 100vw, 209px\" \/><\/p>\n<p>Nous avons cr\u00e9\u00e9 nous m\u00eame nos estampes<\/p>\n<p>gr\u00e2ce \u00e0 des plaques de polystyr\u00e8ne:<\/p>\n<p><img loading=\"lazy\" decoding=\"async\" class=\"size-thumbnail wp-image-563 alignleft\" src=\"https:\/\/www.ecolegabrieldeshayes.fr\/blog\/wp-content\/uploads\/20181130_154944-150x150.jpg\" alt=\"\" width=\"150\" height=\"150\" srcset=\"https:\/\/www.ecolegabrieldeshayes.fr\/blog\/wp-content\/uploads\/20181130_154944-150x150.jpg 150w, https:\/\/www.ecolegabrieldeshayes.fr\/blog\/wp-content\/uploads\/20181130_154944-100x100.jpg 100w\" sizes=\"auto, (max-width: 150px) 100vw, 150px\" \/><\/p>\n<p><img loading=\"lazy\" decoding=\"async\" class=\"size-thumbnail wp-image-561 alignleft\" src=\"https:\/\/www.ecolegabrieldeshayes.fr\/blog\/wp-content\/uploads\/20181130_154736-150x150.jpg\" alt=\"\" width=\"150\" height=\"150\" srcset=\"https:\/\/www.ecolegabrieldeshayes.fr\/blog\/wp-content\/uploads\/20181130_154736-150x150.jpg 150w, https:\/\/www.ecolegabrieldeshayes.fr\/blog\/wp-content\/uploads\/20181130_154736-100x100.jpg 100w\" sizes=\"auto, (max-width: 150px) 100vw, 150px\" \/><\/p>\n<p><img loading=\"lazy\" decoding=\"async\" class=\"size-thumbnail wp-image-562 alignleft\" src=\"https:\/\/www.ecolegabrieldeshayes.fr\/blog\/wp-content\/uploads\/20181130_154940-150x150.jpg\" alt=\"\" width=\"150\" height=\"150\" srcset=\"https:\/\/www.ecolegabrieldeshayes.fr\/blog\/wp-content\/uploads\/20181130_154940-150x150.jpg 150w, https:\/\/www.ecolegabrieldeshayes.fr\/blog\/wp-content\/uploads\/20181130_154940-100x100.jpg 100w\" sizes=\"auto, (max-width: 150px) 100vw, 150px\" \/><\/p>\n<p>&nbsp;<\/p>\n<p>&nbsp;<\/p>\n<p>&nbsp;<\/p>\n<p>&nbsp;<\/p>\n<p><img loading=\"lazy\" decoding=\"async\" class=\"size-thumbnail wp-image-564 alignleft\" src=\"https:\/\/www.ecolegabrieldeshayes.fr\/blog\/wp-content\/uploads\/20181130_155344-150x150.jpg\" alt=\"\" width=\"150\" height=\"150\" srcset=\"https:\/\/www.ecolegabrieldeshayes.fr\/blog\/wp-content\/uploads\/20181130_155344-150x150.jpg 150w, https:\/\/www.ecolegabrieldeshayes.fr\/blog\/wp-content\/uploads\/20181130_155344-100x100.jpg 100w\" sizes=\"auto, (max-width: 150px) 100vw, 150px\" \/><\/p>\n<p><img loading=\"lazy\" decoding=\"async\" class=\"size-thumbnail wp-image-565 alignleft\" src=\"https:\/\/www.ecolegabrieldeshayes.fr\/blog\/wp-content\/uploads\/20181130_160847-150x150.jpg\" alt=\"\" width=\"150\" height=\"150\" srcset=\"https:\/\/www.ecolegabrieldeshayes.fr\/blog\/wp-content\/uploads\/20181130_160847-150x150.jpg 150w, https:\/\/www.ecolegabrieldeshayes.fr\/blog\/wp-content\/uploads\/20181130_160847-100x100.jpg 100w\" sizes=\"auto, (max-width: 150px) 100vw, 150px\" \/><\/p>\n<p><img loading=\"lazy\" decoding=\"async\" class=\"size-thumbnail wp-image-566 alignleft\" src=\"https:\/\/www.ecolegabrieldeshayes.fr\/blog\/wp-content\/uploads\/20181130_154820-150x150.jpg\" alt=\"\" width=\"150\" height=\"150\" srcset=\"https:\/\/www.ecolegabrieldeshayes.fr\/blog\/wp-content\/uploads\/20181130_154820-150x150.jpg 150w, https:\/\/www.ecolegabrieldeshayes.fr\/blog\/wp-content\/uploads\/20181130_154820-100x100.jpg 100w\" sizes=\"auto, (max-width: 150px) 100vw, 150px\" \/><\/p>\n<p>&nbsp;<\/p>\n<p>&nbsp;<\/p>\n<p>&nbsp;<\/p>\n<p>&nbsp;<\/p>\n<p>Et enfin, nous avons lu le nouveau livre de Yves Cotten (auteur que certains avaient rencontr\u00e9 l&rsquo;ann\u00e9e pass\u00e9e), Jour de Ha\u00efkus :<\/p>\n<p><img loading=\"lazy\" decoding=\"async\" class=\"aligncenter wp-image-567 size-medium\" src=\"https:\/\/www.ecolegabrieldeshayes.fr\/blog\/wp-content\/uploads\/9782368332085_1_75-212x300.jpg\" alt=\"\" width=\"212\" height=\"300\" srcset=\"https:\/\/www.ecolegabrieldeshayes.fr\/blog\/wp-content\/uploads\/9782368332085_1_75-212x300.jpg 212w, https:\/\/www.ecolegabrieldeshayes.fr\/blog\/wp-content\/uploads\/9782368332085_1_75.jpg 354w\" sizes=\"auto, (max-width: 212px) 100vw, 212px\" \/><\/p>\n<p>A partir de cela, nous avons li\u00e9 arts, litt\u00e9rature et r\u00e9daction. Nous sommes fiers de vous pr\u00e9senter notre propre livre de Ha\u00efkus ( petits po\u00e8mes japonais) :<\/p>\n<h1 style=\"text-align: center;\"><strong><a href=\"https:\/\/www.ecolegabrieldeshayes.fr\/blog\/wp-content\/uploads\/haikus-compressed.pdf\" target=\"_blank\" rel=\"noopener\">haikus<\/a><\/strong><\/h1>\n<p>&nbsp;<\/p>\n","protected":false},"excerpt":{"rendered":"<p>Le th\u00e8me de l&rsquo;ann\u00e9e \u00e9tant l&rsquo;eau, les CM1-CM2 ont d\u00e9but\u00e9 cette rentr\u00e9e par un travail autour de la Vague, \u0153uvre japonaise, estampe du grand artiste Hokusa\u00ef. Par la suite, nous avons travaill\u00e9 deux livres en litt\u00e9rature : La Grande Vague de V\u00e9ronique Massenot et Le Vieux Fou de Dessin de Fran\u00e7ois Place, retra\u00e7ant de fa\u00e7on &hellip; <\/p>\n<p class=\"link-more\"><a href=\"https:\/\/www.ecolegabrieldeshayes.fr\/blog\/?p=557\" class=\"more-link\">Continuer la lecture<span class=\"screen-reader-text\"> de &laquo;&nbsp;Travail autour de laVague d&rsquo;Hokusa\u00ef en CM1 \/ CM2&nbsp;&raquo;<\/span><\/a><\/p>\n","protected":false},"author":6,"featured_media":0,"comment_status":"closed","ping_status":"open","sticky":false,"template":"","format":"standard","meta":{"footnotes":""},"categories":[7],"tags":[],"class_list":["post-557","post","type-post","status-publish","format-standard","hentry","category-cycle-3"],"_links":{"self":[{"href":"https:\/\/www.ecolegabrieldeshayes.fr\/blog\/index.php?rest_route=\/wp\/v2\/posts\/557","targetHints":{"allow":["GET"]}}],"collection":[{"href":"https:\/\/www.ecolegabrieldeshayes.fr\/blog\/index.php?rest_route=\/wp\/v2\/posts"}],"about":[{"href":"https:\/\/www.ecolegabrieldeshayes.fr\/blog\/index.php?rest_route=\/wp\/v2\/types\/post"}],"author":[{"embeddable":true,"href":"https:\/\/www.ecolegabrieldeshayes.fr\/blog\/index.php?rest_route=\/wp\/v2\/users\/6"}],"replies":[{"embeddable":true,"href":"https:\/\/www.ecolegabrieldeshayes.fr\/blog\/index.php?rest_route=%2Fwp%2Fv2%2Fcomments&post=557"}],"version-history":[{"count":6,"href":"https:\/\/www.ecolegabrieldeshayes.fr\/blog\/index.php?rest_route=\/wp\/v2\/posts\/557\/revisions"}],"predecessor-version":[{"id":576,"href":"https:\/\/www.ecolegabrieldeshayes.fr\/blog\/index.php?rest_route=\/wp\/v2\/posts\/557\/revisions\/576"}],"wp:attachment":[{"href":"https:\/\/www.ecolegabrieldeshayes.fr\/blog\/index.php?rest_route=%2Fwp%2Fv2%2Fmedia&parent=557"}],"wp:term":[{"taxonomy":"category","embeddable":true,"href":"https:\/\/www.ecolegabrieldeshayes.fr\/blog\/index.php?rest_route=%2Fwp%2Fv2%2Fcategories&post=557"},{"taxonomy":"post_tag","embeddable":true,"href":"https:\/\/www.ecolegabrieldeshayes.fr\/blog\/index.php?rest_route=%2Fwp%2Fv2%2Ftags&post=557"}],"curies":[{"name":"wp","href":"https:\/\/api.w.org\/{rel}","templated":true}]}}