{"id":5793,"date":"2023-06-05T23:38:17","date_gmt":"2023-06-05T21:38:17","guid":{"rendered":"http:\/\/www.ecolegabrieldeshayes.fr\/blog\/?p=5793"},"modified":"2023-06-05T23:43:47","modified_gmt":"2023-06-05T21:43:47","slug":"perigord-jour-1","status":"publish","type":"post","link":"https:\/\/www.ecolegabrieldeshayes.fr\/blog\/?p=5793","title":{"rendered":"P\u00e9rigord jour 1"},"content":{"rendered":"\n<p>Bonsoir,<br>Voici quelques photos de la premi\u00e8re journ\u00e9e!<br>Le voyage s&rsquo;est tr\u00e8s bien pass\u00e9! arriv\u00e9s au centre, nous sommes directement all\u00e9s diner. <br>Ensuite les enfants ont rejoint leur chambre.<br>Ce soir ils sont fatigu\u00e9s mais heureux de partager cette premi\u00e8re nuit ensemble!<br><br><br><\/p>\n\n\n\n<p><a href=\"https:\/\/photos.app.goo.gl\/Fcqj3G7VwSTparqe9\">jour 1<\/a><\/p>\n\n\n\n<figure class=\"wp-block-gallery has-nested-images columns-default is-cropped wp-block-gallery-1 is-layout-flex wp-block-gallery-is-layout-flex\"><\/figure>\n","protected":false},"excerpt":{"rendered":"<p>Bonsoir,Voici quelques photos de la premi\u00e8re journ\u00e9e!Le voyage s&rsquo;est tr\u00e8s bien pass\u00e9! arriv\u00e9s au centre, nous sommes directement all\u00e9s diner. Ensuite les enfants ont rejoint leur chambre.Ce soir ils sont fatigu\u00e9s mais heureux de partager cette premi\u00e8re nuit ensemble! jour 1<\/p>\n","protected":false},"author":7,"featured_media":0,"comment_status":"closed","ping_status":"open","sticky":false,"template":"","format":"standard","meta":{"footnotes":""},"categories":[1],"tags":[],"class_list":["post-5793","post","type-post","status-publish","format-standard","hentry","category-non-classe"],"_links":{"self":[{"href":"https:\/\/www.ecolegabrieldeshayes.fr\/blog\/index.php?rest_route=\/wp\/v2\/posts\/5793","targetHints":{"allow":["GET"]}}],"collection":[{"href":"https:\/\/www.ecolegabrieldeshayes.fr\/blog\/index.php?rest_route=\/wp\/v2\/posts"}],"about":[{"href":"https:\/\/www.ecolegabrieldeshayes.fr\/blog\/index.php?rest_route=\/wp\/v2\/types\/post"}],"author":[{"embeddable":true,"href":"https:\/\/www.ecolegabrieldeshayes.fr\/blog\/index.php?rest_route=\/wp\/v2\/users\/7"}],"replies":[{"embeddable":true,"href":"https:\/\/www.ecolegabrieldeshayes.fr\/blog\/index.php?rest_route=%2Fwp%2Fv2%2Fcomments&post=5793"}],"version-history":[{"count":5,"href":"https:\/\/www.ecolegabrieldeshayes.fr\/blog\/index.php?rest_route=\/wp\/v2\/posts\/5793\/revisions"}],"predecessor-version":[{"id":5799,"href":"https:\/\/www.ecolegabrieldeshayes.fr\/blog\/index.php?rest_route=\/wp\/v2\/posts\/5793\/revisions\/5799"}],"wp:attachment":[{"href":"https:\/\/www.ecolegabrieldeshayes.fr\/blog\/index.php?rest_route=%2Fwp%2Fv2%2Fmedia&parent=5793"}],"wp:term":[{"taxonomy":"category","embeddable":true,"href":"https:\/\/www.ecolegabrieldeshayes.fr\/blog\/index.php?rest_route=%2Fwp%2Fv2%2Fcategories&post=5793"},{"taxonomy":"post_tag","embeddable":true,"href":"https:\/\/www.ecolegabrieldeshayes.fr\/blog\/index.php?rest_route=%2Fwp%2Fv2%2Ftags&post=5793"}],"curies":[{"name":"wp","href":"https:\/\/api.w.org\/{rel}","templated":true}]}}