{"id":5809,"date":"2023-06-07T19:46:33","date_gmt":"2023-06-07T17:46:33","guid":{"rendered":"http:\/\/www.ecolegabrieldeshayes.fr\/blog\/?p=5809"},"modified":"2023-07-11T20:18:17","modified_gmt":"2023-07-11T18:18:17","slug":"gym-au-plauray-pour-les-tps-ps-de-nathalie","status":"publish","type":"post","link":"https:\/\/www.ecolegabrieldeshayes.fr\/blog\/?p=5809","title":{"rendered":"Gym au PLAuray pour les TPS\/PS de Nathalie"},"content":{"rendered":"\n<p>Tous les lundis depuis le mois de mai, nous nous rendons au PLAuray pour profiter des diverses structures de gymnastique. <\/p>\n\n\n\n<p>Notre animateur sportif, Guilhan, pr\u00e9pare chaque semaine des parcours diff\u00e9rents.<\/p>\n\n\n<div class=\"wp-block-image\">\n<figure class=\"aligncenter size-large is-resized\"><img loading=\"lazy\" decoding=\"async\" src=\"https:\/\/www.ecolegabrieldeshayes.fr\/blog\/wp-content\/uploads\/IMG_20230605_094031-459x1024.jpg\" alt=\"\" class=\"wp-image-5816\" width=\"230\" height=\"512\" srcset=\"https:\/\/www.ecolegabrieldeshayes.fr\/blog\/wp-content\/uploads\/IMG_20230605_094031-459x1024.jpg 459w, https:\/\/www.ecolegabrieldeshayes.fr\/blog\/wp-content\/uploads\/IMG_20230605_094031-768x1714.jpg 768w, https:\/\/www.ecolegabrieldeshayes.fr\/blog\/wp-content\/uploads\/IMG_20230605_094031-688x1536.jpg 688w, https:\/\/www.ecolegabrieldeshayes.fr\/blog\/wp-content\/uploads\/IMG_20230605_094031-scaled.jpg 918w\" sizes=\"auto, (max-width: 230px) 100vw, 230px\" \/><\/figure>\n<\/div>\n\n\n<p>Nous nous amusons bien ! Nous surmontons notre appr\u00e9hension pour essayer de nouvelles choses aid\u00e9s par Nathalie et Aude mais aussi des parents accompagnateurs qui nous s\u00e9curisent tout au long de nos d\u00e9couvertes.<\/p>\n\n\n\n<p>Un grand merci \u00e0 eux !<\/p>\n\n\n\n<p>Quelques photos des 3 s\u00e9ances d\u00e9j\u00e0 pass\u00e9es : <a href=\"https:\/\/photos.app.goo.gl\/URegpQVGkpgs2Edz9\">https:\/\/photos.app.goo.gl\/URegpQVGkpgs2Edz9<\/a><\/p>\n","protected":false},"excerpt":{"rendered":"<p>Tous les lundis depuis le mois de mai, nous nous rendons au PLAuray pour profiter des diverses structures de gymnastique. Notre animateur sportif, Guilhan, pr\u00e9pare chaque semaine des parcours diff\u00e9rents. Nous nous amusons bien ! Nous surmontons notre appr\u00e9hension pour essayer de nouvelles choses aid\u00e9s par Nathalie et Aude mais aussi des parents accompagnateurs qui &hellip; <\/p>\n<p class=\"link-more\"><a href=\"https:\/\/www.ecolegabrieldeshayes.fr\/blog\/?p=5809\" class=\"more-link\">Continuer la lecture<span class=\"screen-reader-text\"> de &laquo;&nbsp;Gym au PLAuray pour les TPS\/PS de Nathalie&nbsp;&raquo;<\/span><\/a><\/p>\n","protected":false},"author":5,"featured_media":0,"comment_status":"closed","ping_status":"open","sticky":false,"template":"","format":"standard","meta":{"footnotes":""},"categories":[5,1],"tags":[],"class_list":["post-5809","post","type-post","status-publish","format-standard","hentry","category-cycle-1","category-non-classe"],"_links":{"self":[{"href":"https:\/\/www.ecolegabrieldeshayes.fr\/blog\/index.php?rest_route=\/wp\/v2\/posts\/5809","targetHints":{"allow":["GET"]}}],"collection":[{"href":"https:\/\/www.ecolegabrieldeshayes.fr\/blog\/index.php?rest_route=\/wp\/v2\/posts"}],"about":[{"href":"https:\/\/www.ecolegabrieldeshayes.fr\/blog\/index.php?rest_route=\/wp\/v2\/types\/post"}],"author":[{"embeddable":true,"href":"https:\/\/www.ecolegabrieldeshayes.fr\/blog\/index.php?rest_route=\/wp\/v2\/users\/5"}],"replies":[{"embeddable":true,"href":"https:\/\/www.ecolegabrieldeshayes.fr\/blog\/index.php?rest_route=%2Fwp%2Fv2%2Fcomments&post=5809"}],"version-history":[{"count":5,"href":"https:\/\/www.ecolegabrieldeshayes.fr\/blog\/index.php?rest_route=\/wp\/v2\/posts\/5809\/revisions"}],"predecessor-version":[{"id":6051,"href":"https:\/\/www.ecolegabrieldeshayes.fr\/blog\/index.php?rest_route=\/wp\/v2\/posts\/5809\/revisions\/6051"}],"wp:attachment":[{"href":"https:\/\/www.ecolegabrieldeshayes.fr\/blog\/index.php?rest_route=%2Fwp%2Fv2%2Fmedia&parent=5809"}],"wp:term":[{"taxonomy":"category","embeddable":true,"href":"https:\/\/www.ecolegabrieldeshayes.fr\/blog\/index.php?rest_route=%2Fwp%2Fv2%2Fcategories&post=5809"},{"taxonomy":"post_tag","embeddable":true,"href":"https:\/\/www.ecolegabrieldeshayes.fr\/blog\/index.php?rest_route=%2Fwp%2Fv2%2Ftags&post=5809"}],"curies":[{"name":"wp","href":"https:\/\/api.w.org\/{rel}","templated":true}]}}