{"id":5829,"date":"2023-06-08T20:21:44","date_gmt":"2023-06-08T18:21:44","guid":{"rendered":"http:\/\/www.ecolegabrieldeshayes.fr\/blog\/?p=5829"},"modified":"2023-07-11T20:12:27","modified_gmt":"2023-07-11T18:12:27","slug":"mediatheque-pour-les-tps-ps-de-nathalie","status":"publish","type":"post","link":"https:\/\/www.ecolegabrieldeshayes.fr\/blog\/?p=5829","title":{"rendered":"M\u00e9diath\u00e8que pour les TPS\/PS de Nathalie"},"content":{"rendered":"\n<p>Aujourd&rsquo;hui, c&rsquo;\u00e9tait le grand jour, nous nous sommes d\u00e9plac\u00e9s \u00e0 la m\u00e9diath\u00e8que.<\/p>\n\n\n\n<p>Nous avons \u00e9cout\u00e9 les histoires que Catherine nous a lues avec grand plaisir.<\/p>\n\n\n\n<p>Nous avons pu, \u00e0 notre tour, explorer les diff\u00e9rents rayons et choisir des albums que les adultes nous lisaient. <\/p>\n\n\n<div class=\"wp-block-image\">\n<figure class=\"aligncenter size-large is-resized\"><img loading=\"lazy\" decoding=\"async\" src=\"https:\/\/www.ecolegabrieldeshayes.fr\/blog\/wp-content\/uploads\/IMG_20230608_102603-1-459x1024.jpg\" alt=\"\" class=\"wp-image-5831\" width=\"230\" height=\"512\" srcset=\"https:\/\/www.ecolegabrieldeshayes.fr\/blog\/wp-content\/uploads\/IMG_20230608_102603-1-459x1024.jpg 459w, https:\/\/www.ecolegabrieldeshayes.fr\/blog\/wp-content\/uploads\/IMG_20230608_102603-1-768x1714.jpg 768w, https:\/\/www.ecolegabrieldeshayes.fr\/blog\/wp-content\/uploads\/IMG_20230608_102603-1-688x1536.jpg 688w, https:\/\/www.ecolegabrieldeshayes.fr\/blog\/wp-content\/uploads\/IMG_20230608_102603-1-scaled.jpg 918w\" sizes=\"auto, (max-width: 230px) 100vw, 230px\" \/><\/figure>\n<\/div>\n\n\n<p>Avant de partir, nous avons choisi chacun un livre. Nous l&rsquo;avons emprunt\u00e9 pour le lire \u00e0 la maison. Quelle chance ! <\/p>\n\n\n\n<p>Photos :<a href=\"https:\/\/photos.app.goo.gl\/JyCMFKB935Adj1i59\">https:\/\/photos.app.goo.gl\/JyCMFKB935Adj1i59<\/a><\/p>\n","protected":false},"excerpt":{"rendered":"<p>Aujourd&rsquo;hui, c&rsquo;\u00e9tait le grand jour, nous nous sommes d\u00e9plac\u00e9s \u00e0 la m\u00e9diath\u00e8que. Nous avons \u00e9cout\u00e9 les histoires que Catherine nous a lues avec grand plaisir. Nous avons pu, \u00e0 notre tour, explorer les diff\u00e9rents rayons et choisir des albums que les adultes nous lisaient. Avant de partir, nous avons choisi chacun un livre. Nous l&rsquo;avons &hellip; <\/p>\n<p class=\"link-more\"><a href=\"https:\/\/www.ecolegabrieldeshayes.fr\/blog\/?p=5829\" class=\"more-link\">Continuer la lecture<span class=\"screen-reader-text\"> de &laquo;&nbsp;M\u00e9diath\u00e8que pour les TPS\/PS de Nathalie&nbsp;&raquo;<\/span><\/a><\/p>\n","protected":false},"author":5,"featured_media":0,"comment_status":"closed","ping_status":"open","sticky":false,"template":"","format":"standard","meta":{"footnotes":""},"categories":[5,1],"tags":[],"class_list":["post-5829","post","type-post","status-publish","format-standard","hentry","category-cycle-1","category-non-classe"],"_links":{"self":[{"href":"https:\/\/www.ecolegabrieldeshayes.fr\/blog\/index.php?rest_route=\/wp\/v2\/posts\/5829","targetHints":{"allow":["GET"]}}],"collection":[{"href":"https:\/\/www.ecolegabrieldeshayes.fr\/blog\/index.php?rest_route=\/wp\/v2\/posts"}],"about":[{"href":"https:\/\/www.ecolegabrieldeshayes.fr\/blog\/index.php?rest_route=\/wp\/v2\/types\/post"}],"author":[{"embeddable":true,"href":"https:\/\/www.ecolegabrieldeshayes.fr\/blog\/index.php?rest_route=\/wp\/v2\/users\/5"}],"replies":[{"embeddable":true,"href":"https:\/\/www.ecolegabrieldeshayes.fr\/blog\/index.php?rest_route=%2Fwp%2Fv2%2Fcomments&post=5829"}],"version-history":[{"count":4,"href":"https:\/\/www.ecolegabrieldeshayes.fr\/blog\/index.php?rest_route=\/wp\/v2\/posts\/5829\/revisions"}],"predecessor-version":[{"id":6046,"href":"https:\/\/www.ecolegabrieldeshayes.fr\/blog\/index.php?rest_route=\/wp\/v2\/posts\/5829\/revisions\/6046"}],"wp:attachment":[{"href":"https:\/\/www.ecolegabrieldeshayes.fr\/blog\/index.php?rest_route=%2Fwp%2Fv2%2Fmedia&parent=5829"}],"wp:term":[{"taxonomy":"category","embeddable":true,"href":"https:\/\/www.ecolegabrieldeshayes.fr\/blog\/index.php?rest_route=%2Fwp%2Fv2%2Fcategories&post=5829"},{"taxonomy":"post_tag","embeddable":true,"href":"https:\/\/www.ecolegabrieldeshayes.fr\/blog\/index.php?rest_route=%2Fwp%2Fv2%2Ftags&post=5829"}],"curies":[{"name":"wp","href":"https:\/\/api.w.org\/{rel}","templated":true}]}}