{"id":5837,"date":"2023-06-09T15:12:59","date_gmt":"2023-06-09T13:12:59","guid":{"rendered":"http:\/\/www.ecolegabrieldeshayes.fr\/blog\/?p=5837"},"modified":"2023-06-09T15:14:27","modified_gmt":"2023-06-09T13:14:27","slug":"dernier-jour-dans-le-perigord","status":"publish","type":"post","link":"https:\/\/www.ecolegabrieldeshayes.fr\/blog\/?p=5837","title":{"rendered":"Dernier jour dans le P\u00e9rigord"},"content":{"rendered":"\n<p>Ce matin, le r\u00e9veil \u00e9tait diff\u00e9rent des autres jours: il fallait boucler les valises, ranger, d\u00e9faire les lits&#8230;<\/p>\n\n\n\n<p>Une fois le rangement effectu\u00e9 et le petit d\u00e9jeuner aval\u00e9, nous sommes partis \u00e0 pied visiter Lascaux IV.  Nous avons appr\u00e9ci\u00e9 les \u0153uvres pr\u00e9historiques de la grotte: taureaux, rennes, chevaux&#8230;. <\/p>\n\n\n\n<p>Vers 11h30, nous voil\u00e0 mont\u00e9s dans le car pour commencer notre retour!<\/p>\n\n\n\n<p>A tr\u00e8s vite!<\/p>\n\n\n\n<p>Retour pr\u00e9vu entre 20h45 et 21h<\/p>\n\n\n\n<p><a href=\"https:\/\/photos.app.goo.gl\/DPUrcFLTWhtvRKLP7\">Jour 5<\/a><\/p>\n\n\n\n<figure class=\"wp-block-gallery has-nested-images columns-default is-cropped wp-block-gallery-1 is-layout-flex wp-block-gallery-is-layout-flex\">\n<figure class=\"wp-block-image size-large\"><img loading=\"lazy\" decoding=\"async\" width=\"1024\" height=\"478\" data-id=\"5838\" src=\"https:\/\/www.ecolegabrieldeshayes.fr\/blog\/wp-content\/uploads\/IMG-20230609-WA00401-1024x478.jpg\" alt=\"\" class=\"wp-image-5838\" srcset=\"https:\/\/www.ecolegabrieldeshayes.fr\/blog\/wp-content\/uploads\/IMG-20230609-WA00401-1024x478.jpg 1024w, https:\/\/www.ecolegabrieldeshayes.fr\/blog\/wp-content\/uploads\/IMG-20230609-WA00401-300x140.jpg 300w, https:\/\/www.ecolegabrieldeshayes.fr\/blog\/wp-content\/uploads\/IMG-20230609-WA00401-768x359.jpg 768w, https:\/\/www.ecolegabrieldeshayes.fr\/blog\/wp-content\/uploads\/IMG-20230609-WA00401-1536x717.jpg 1536w, https:\/\/www.ecolegabrieldeshayes.fr\/blog\/wp-content\/uploads\/IMG-20230609-WA00401.jpg 1600w\" sizes=\"auto, (max-width: 767px) 89vw, (max-width: 1000px) 54vw, (max-width: 1071px) 543px, 580px\" \/><\/figure>\n<\/figure>\n","protected":false},"excerpt":{"rendered":"<p>Ce matin, le r\u00e9veil \u00e9tait diff\u00e9rent des autres jours: il fallait boucler les valises, ranger, d\u00e9faire les lits&#8230; Une fois le rangement effectu\u00e9 et le petit d\u00e9jeuner aval\u00e9, nous sommes partis \u00e0 pied visiter Lascaux IV. Nous avons appr\u00e9ci\u00e9 les \u0153uvres pr\u00e9historiques de la grotte: taureaux, rennes, chevaux&#8230;. Vers 11h30, nous voil\u00e0 mont\u00e9s dans le &hellip; <\/p>\n<p class=\"link-more\"><a href=\"https:\/\/www.ecolegabrieldeshayes.fr\/blog\/?p=5837\" class=\"more-link\">Continuer la lecture<span class=\"screen-reader-text\"> de &laquo;&nbsp;Dernier jour dans le P\u00e9rigord&nbsp;&raquo;<\/span><\/a><\/p>\n","protected":false},"author":7,"featured_media":0,"comment_status":"closed","ping_status":"open","sticky":false,"template":"","format":"standard","meta":{"footnotes":""},"categories":[1],"tags":[],"class_list":["post-5837","post","type-post","status-publish","format-standard","hentry","category-non-classe"],"_links":{"self":[{"href":"https:\/\/www.ecolegabrieldeshayes.fr\/blog\/index.php?rest_route=\/wp\/v2\/posts\/5837","targetHints":{"allow":["GET"]}}],"collection":[{"href":"https:\/\/www.ecolegabrieldeshayes.fr\/blog\/index.php?rest_route=\/wp\/v2\/posts"}],"about":[{"href":"https:\/\/www.ecolegabrieldeshayes.fr\/blog\/index.php?rest_route=\/wp\/v2\/types\/post"}],"author":[{"embeddable":true,"href":"https:\/\/www.ecolegabrieldeshayes.fr\/blog\/index.php?rest_route=\/wp\/v2\/users\/7"}],"replies":[{"embeddable":true,"href":"https:\/\/www.ecolegabrieldeshayes.fr\/blog\/index.php?rest_route=%2Fwp%2Fv2%2Fcomments&post=5837"}],"version-history":[{"count":2,"href":"https:\/\/www.ecolegabrieldeshayes.fr\/blog\/index.php?rest_route=\/wp\/v2\/posts\/5837\/revisions"}],"predecessor-version":[{"id":5840,"href":"https:\/\/www.ecolegabrieldeshayes.fr\/blog\/index.php?rest_route=\/wp\/v2\/posts\/5837\/revisions\/5840"}],"wp:attachment":[{"href":"https:\/\/www.ecolegabrieldeshayes.fr\/blog\/index.php?rest_route=%2Fwp%2Fv2%2Fmedia&parent=5837"}],"wp:term":[{"taxonomy":"category","embeddable":true,"href":"https:\/\/www.ecolegabrieldeshayes.fr\/blog\/index.php?rest_route=%2Fwp%2Fv2%2Fcategories&post=5837"},{"taxonomy":"post_tag","embeddable":true,"href":"https:\/\/www.ecolegabrieldeshayes.fr\/blog\/index.php?rest_route=%2Fwp%2Fv2%2Ftags&post=5837"}],"curies":[{"name":"wp","href":"https:\/\/api.w.org\/{rel}","templated":true}]}}