{"id":5863,"date":"2023-06-19T17:09:14","date_gmt":"2023-06-19T15:09:14","guid":{"rendered":"http:\/\/www.ecolegabrieldeshayes.fr\/blog\/?p=5863"},"modified":"2023-06-19T17:09:14","modified_gmt":"2023-06-19T15:09:14","slug":"lecture-ms-gs-et-ce2","status":"publish","type":"post","link":"https:\/\/www.ecolegabrieldeshayes.fr\/blog\/?p=5863","title":{"rendered":"Lecture MS-GS et CE2"},"content":{"rendered":"\n<p>Les \u00e9l\u00e8ves de Mme Le Nouail-Paugam ont lu des histoires aux \u00e9l\u00e8ves de Luciana.<\/p>\n\n\n\n<p>Lundi 19 juin,  les \u00e9l\u00e8ves de CE2 ont lu des livres emprunt\u00e9s \u00e0 la m\u00e9diath\u00e8que aux \u00e9l\u00e8ves de Luciana.<\/p>\n\n\n\n<p>Les CE2 avaient bien pr\u00e9par\u00e9 leur lecture \u00e0 haute voix en classe et les MS-GS ont \u00e9t\u00e9 bien attentifs.<\/p>\n\n\n\n<p>Un beau moment de partage! <\/p>\n\n\n\n<p><a href=\"https:\/\/photos.app.goo.gl\/3PXt3ris4tNa8avJ8\"><strong>Voici toutes les photos.<\/strong><\/a><\/p>\n\n\n\n<figure class=\"wp-block-image size-large\"><img loading=\"lazy\" decoding=\"async\" width=\"768\" height=\"1024\" src=\"https:\/\/www.ecolegabrieldeshayes.fr\/blog\/wp-content\/uploads\/IMG_6988-768x1024.jpg\" alt=\"\" class=\"wp-image-5864\" srcset=\"https:\/\/www.ecolegabrieldeshayes.fr\/blog\/wp-content\/uploads\/IMG_6988-768x1024.jpg 768w, https:\/\/www.ecolegabrieldeshayes.fr\/blog\/wp-content\/uploads\/IMG_6988-225x300.jpg 225w, https:\/\/www.ecolegabrieldeshayes.fr\/blog\/wp-content\/uploads\/IMG_6988-1152x1536.jpg 1152w, https:\/\/www.ecolegabrieldeshayes.fr\/blog\/wp-content\/uploads\/IMG_6988-scaled.jpg 1536w\" sizes=\"auto, (max-width: 767px) 89vw, (max-width: 1000px) 54vw, (max-width: 1071px) 543px, 580px\" \/><\/figure>\n\n\n\n<figure class=\"wp-block-image size-large\"><img loading=\"lazy\" decoding=\"async\" width=\"768\" height=\"1024\" src=\"https:\/\/www.ecolegabrieldeshayes.fr\/blog\/wp-content\/uploads\/IMG_6989-768x1024.jpg\" alt=\"\" class=\"wp-image-5866\" srcset=\"https:\/\/www.ecolegabrieldeshayes.fr\/blog\/wp-content\/uploads\/IMG_6989-768x1024.jpg 768w, https:\/\/www.ecolegabrieldeshayes.fr\/blog\/wp-content\/uploads\/IMG_6989-225x300.jpg 225w, https:\/\/www.ecolegabrieldeshayes.fr\/blog\/wp-content\/uploads\/IMG_6989-1152x1536.jpg 1152w, https:\/\/www.ecolegabrieldeshayes.fr\/blog\/wp-content\/uploads\/IMG_6989-scaled.jpg 1536w\" sizes=\"auto, (max-width: 767px) 89vw, (max-width: 1000px) 54vw, (max-width: 1071px) 543px, 580px\" \/><\/figure>\n\n\n\n<figure class=\"wp-block-image size-large\"><img loading=\"lazy\" decoding=\"async\" width=\"1024\" height=\"768\" src=\"https:\/\/www.ecolegabrieldeshayes.fr\/blog\/wp-content\/uploads\/IMG_7018-1-1024x768.jpg\" alt=\"\" class=\"wp-image-5865\" srcset=\"https:\/\/www.ecolegabrieldeshayes.fr\/blog\/wp-content\/uploads\/IMG_7018-1-1024x768.jpg 1024w, https:\/\/www.ecolegabrieldeshayes.fr\/blog\/wp-content\/uploads\/IMG_7018-1-300x225.jpg 300w, https:\/\/www.ecolegabrieldeshayes.fr\/blog\/wp-content\/uploads\/IMG_7018-1-768x576.jpg 768w, https:\/\/www.ecolegabrieldeshayes.fr\/blog\/wp-content\/uploads\/IMG_7018-1-1536x1152.jpg 1536w, https:\/\/www.ecolegabrieldeshayes.fr\/blog\/wp-content\/uploads\/IMG_7018-1-scaled.jpg 2048w\" sizes=\"auto, (max-width: 767px) 89vw, (max-width: 1000px) 54vw, (max-width: 1071px) 543px, 580px\" \/><\/figure>\n","protected":false},"excerpt":{"rendered":"<p>Les \u00e9l\u00e8ves de Mme Le Nouail-Paugam ont lu des histoires aux \u00e9l\u00e8ves de Luciana. Lundi 19 juin, les \u00e9l\u00e8ves de CE2 ont lu des livres emprunt\u00e9s \u00e0 la m\u00e9diath\u00e8que aux \u00e9l\u00e8ves de Luciana. Les CE2 avaient bien pr\u00e9par\u00e9 leur lecture \u00e0 haute voix en classe et les MS-GS ont \u00e9t\u00e9 bien attentifs. Un beau moment &hellip; <\/p>\n<p class=\"link-more\"><a href=\"https:\/\/www.ecolegabrieldeshayes.fr\/blog\/?p=5863\" class=\"more-link\">Continuer la lecture<span class=\"screen-reader-text\"> de &laquo;&nbsp;Lecture MS-GS et CE2&nbsp;&raquo;<\/span><\/a><\/p>\n","protected":false},"author":4,"featured_media":0,"comment_status":"closed","ping_status":"open","sticky":false,"template":"","format":"standard","meta":{"footnotes":""},"categories":[5,6],"tags":[],"class_list":["post-5863","post","type-post","status-publish","format-standard","hentry","category-cycle-1","category-cycle-2"],"_links":{"self":[{"href":"https:\/\/www.ecolegabrieldeshayes.fr\/blog\/index.php?rest_route=\/wp\/v2\/posts\/5863","targetHints":{"allow":["GET"]}}],"collection":[{"href":"https:\/\/www.ecolegabrieldeshayes.fr\/blog\/index.php?rest_route=\/wp\/v2\/posts"}],"about":[{"href":"https:\/\/www.ecolegabrieldeshayes.fr\/blog\/index.php?rest_route=\/wp\/v2\/types\/post"}],"author":[{"embeddable":true,"href":"https:\/\/www.ecolegabrieldeshayes.fr\/blog\/index.php?rest_route=\/wp\/v2\/users\/4"}],"replies":[{"embeddable":true,"href":"https:\/\/www.ecolegabrieldeshayes.fr\/blog\/index.php?rest_route=%2Fwp%2Fv2%2Fcomments&post=5863"}],"version-history":[{"count":2,"href":"https:\/\/www.ecolegabrieldeshayes.fr\/blog\/index.php?rest_route=\/wp\/v2\/posts\/5863\/revisions"}],"predecessor-version":[{"id":5868,"href":"https:\/\/www.ecolegabrieldeshayes.fr\/blog\/index.php?rest_route=\/wp\/v2\/posts\/5863\/revisions\/5868"}],"wp:attachment":[{"href":"https:\/\/www.ecolegabrieldeshayes.fr\/blog\/index.php?rest_route=%2Fwp%2Fv2%2Fmedia&parent=5863"}],"wp:term":[{"taxonomy":"category","embeddable":true,"href":"https:\/\/www.ecolegabrieldeshayes.fr\/blog\/index.php?rest_route=%2Fwp%2Fv2%2Fcategories&post=5863"},{"taxonomy":"post_tag","embeddable":true,"href":"https:\/\/www.ecolegabrieldeshayes.fr\/blog\/index.php?rest_route=%2Fwp%2Fv2%2Ftags&post=5863"}],"curies":[{"name":"wp","href":"https:\/\/api.w.org\/{rel}","templated":true}]}}