{"id":5872,"date":"2023-06-22T17:54:20","date_gmt":"2023-06-22T15:54:20","guid":{"rendered":"http:\/\/www.ecolegabrieldeshayes.fr\/blog\/?p=5872"},"modified":"2023-06-22T17:54:20","modified_gmt":"2023-06-22T15:54:20","slug":"vive-la-lecture","status":"publish","type":"post","link":"https:\/\/www.ecolegabrieldeshayes.fr\/blog\/?p=5872","title":{"rendered":"Vive la lecture !"},"content":{"rendered":"\n<p>Le lundi 19 juin, Mme Selon avait rassembl\u00e9 sur la cour tous les \u00e9l\u00e8ves de CM autour du plaisir de lire. <\/p>\n\n\n\n<p>Nous avons tous f\u00e9licit\u00e9 les \u00e9l\u00e8ves ayant particip\u00e9 au concours de lecture. Bravo \u00e0 eux !<\/p>\n\n\n\n<p> Les \u00e9l\u00e8ves de CM2 ont re\u00e7u, quant \u00e0 eux, un livre offert par le Ministre de l&rsquo;Education Nationale : l&rsquo;<em>Odyss\u00e9e<\/em> d&rsquo;Hom\u00e8re. Certains n&rsquo;ont pas r\u00e9sist\u00e9 \u00e0 l&rsquo;envie de le lire, aussit\u00f4t remont\u00e9s en classe ! <\/p>\n\n\n\n<p>Plaisir de lire pour soi ou pour les autres :  \u00ab\u00a0<strong><em> Lire c&rsquo;est r\u00eaver les yeux ouverts<\/em><\/strong>.\u00a0\u00bb Kerry Reichs<\/p>\n\n\n\n<p><a href=\"https:\/\/photos.app.goo.gl\/kJEcBzuK6DGWKqNG8\">https:\/\/photos.app.goo.gl\/kJEcBzuK6DGWKqNG8<\/a><\/p>\n\n\n\n<figure class=\"wp-block-image size-large is-resized\"><img loading=\"lazy\" decoding=\"async\" src=\"https:\/\/www.ecolegabrieldeshayes.fr\/blog\/wp-content\/uploads\/literature-3033196_1280-1024x576.jpg\" alt=\"\" class=\"wp-image-5874\" width=\"464\" height=\"261\" srcset=\"https:\/\/www.ecolegabrieldeshayes.fr\/blog\/wp-content\/uploads\/literature-3033196_1280-1024x576.jpg 1024w, https:\/\/www.ecolegabrieldeshayes.fr\/blog\/wp-content\/uploads\/literature-3033196_1280-300x169.jpg 300w, https:\/\/www.ecolegabrieldeshayes.fr\/blog\/wp-content\/uploads\/literature-3033196_1280-768x432.jpg 768w, https:\/\/www.ecolegabrieldeshayes.fr\/blog\/wp-content\/uploads\/literature-3033196_1280.jpg 1280w\" sizes=\"auto, (max-width: 464px) 100vw, 464px\" \/><\/figure>\n","protected":false},"excerpt":{"rendered":"<p>Le lundi 19 juin, Mme Selon avait rassembl\u00e9 sur la cour tous les \u00e9l\u00e8ves de CM autour du plaisir de lire. Nous avons tous f\u00e9licit\u00e9 les \u00e9l\u00e8ves ayant particip\u00e9 au concours de lecture. Bravo \u00e0 eux ! Les \u00e9l\u00e8ves de CM2 ont re\u00e7u, quant \u00e0 eux, un livre offert par le Ministre de l&rsquo;Education Nationale &hellip; <\/p>\n<p class=\"link-more\"><a href=\"https:\/\/www.ecolegabrieldeshayes.fr\/blog\/?p=5872\" class=\"more-link\">Continuer la lecture<span class=\"screen-reader-text\"> de &laquo;&nbsp;Vive la lecture !&nbsp;&raquo;<\/span><\/a><\/p>\n","protected":false},"author":10,"featured_media":0,"comment_status":"closed","ping_status":"open","sticky":false,"template":"","format":"standard","meta":{"footnotes":""},"categories":[7,1],"tags":[],"class_list":["post-5872","post","type-post","status-publish","format-standard","hentry","category-cycle-3","category-non-classe"],"_links":{"self":[{"href":"https:\/\/www.ecolegabrieldeshayes.fr\/blog\/index.php?rest_route=\/wp\/v2\/posts\/5872","targetHints":{"allow":["GET"]}}],"collection":[{"href":"https:\/\/www.ecolegabrieldeshayes.fr\/blog\/index.php?rest_route=\/wp\/v2\/posts"}],"about":[{"href":"https:\/\/www.ecolegabrieldeshayes.fr\/blog\/index.php?rest_route=\/wp\/v2\/types\/post"}],"author":[{"embeddable":true,"href":"https:\/\/www.ecolegabrieldeshayes.fr\/blog\/index.php?rest_route=\/wp\/v2\/users\/10"}],"replies":[{"embeddable":true,"href":"https:\/\/www.ecolegabrieldeshayes.fr\/blog\/index.php?rest_route=%2Fwp%2Fv2%2Fcomments&post=5872"}],"version-history":[{"count":2,"href":"https:\/\/www.ecolegabrieldeshayes.fr\/blog\/index.php?rest_route=\/wp\/v2\/posts\/5872\/revisions"}],"predecessor-version":[{"id":5875,"href":"https:\/\/www.ecolegabrieldeshayes.fr\/blog\/index.php?rest_route=\/wp\/v2\/posts\/5872\/revisions\/5875"}],"wp:attachment":[{"href":"https:\/\/www.ecolegabrieldeshayes.fr\/blog\/index.php?rest_route=%2Fwp%2Fv2%2Fmedia&parent=5872"}],"wp:term":[{"taxonomy":"category","embeddable":true,"href":"https:\/\/www.ecolegabrieldeshayes.fr\/blog\/index.php?rest_route=%2Fwp%2Fv2%2Fcategories&post=5872"},{"taxonomy":"post_tag","embeddable":true,"href":"https:\/\/www.ecolegabrieldeshayes.fr\/blog\/index.php?rest_route=%2Fwp%2Fv2%2Ftags&post=5872"}],"curies":[{"name":"wp","href":"https:\/\/api.w.org\/{rel}","templated":true}]}}