{"id":5879,"date":"2023-06-22T20:37:45","date_gmt":"2023-06-22T18:37:45","guid":{"rendered":"http:\/\/www.ecolegabrieldeshayes.fr\/blog\/?p=5879"},"modified":"2023-06-22T20:37:45","modified_gmt":"2023-06-22T18:37:45","slug":"notre-materiel-flexible","status":"publish","type":"post","link":"https:\/\/www.ecolegabrieldeshayes.fr\/blog\/?p=5879","title":{"rendered":"Notre mat\u00e9riel flexible"},"content":{"rendered":"\n<p>voici quelques outils que nous utilisons en classe : des tabourets oscillants (autour de la table en forme de haricot pour travailler en petit groupe avec la maitresse, on adore !), des tables \u00e0 petit-d\u00e9jeuner (qui fonctionnent sans pile et sans pains au chocolat, seulement un peu de r\u00e9flexion et d&rsquo;attention !), des coussins de diff\u00e9rentes densit\u00e9s (pour s&rsquo;asseoir, se mettre \u00e0 genoux, s&rsquo;adosser&#8230;). Nous utilisons aussi des tabourets hauts autour d&rsquo;une table plus haute (ce qui nous permet pr\u00e9f\u00e9rer la station debout parfois), un gros ballon, des fauteuils de bureau aux postes informatiques. Cette vari\u00e9t\u00e9 de mobilier nous offre la possibilit\u00e9 d&rsquo;\u00eatre \u00e0 l&rsquo;\u00e9coute de notre corps : bouger ou se poser, adopter une position assise adapt\u00e9e \u00e0 notre morphologie, choisir un espace de travail individuel ou se placer au sein d&rsquo;une r\u00e9flexion de groupe&#8230;<\/p>\n\n\n<div class=\"wp-block-image\">\n<figure class=\"alignleft size-large is-resized\"><img loading=\"lazy\" decoding=\"async\" src=\"https:\/\/www.ecolegabrieldeshayes.fr\/blog\/wp-content\/uploads\/IMG_1230-768x1024.jpeg\" alt=\"\" class=\"wp-image-5880\" width=\"215\" height=\"287\" srcset=\"https:\/\/www.ecolegabrieldeshayes.fr\/blog\/wp-content\/uploads\/IMG_1230-768x1024.jpeg 768w, https:\/\/www.ecolegabrieldeshayes.fr\/blog\/wp-content\/uploads\/IMG_1230-225x300.jpeg 225w, https:\/\/www.ecolegabrieldeshayes.fr\/blog\/wp-content\/uploads\/IMG_1230-1152x1536.jpeg 1152w, https:\/\/www.ecolegabrieldeshayes.fr\/blog\/wp-content\/uploads\/IMG_1230-scaled.jpeg 1536w\" sizes=\"auto, (max-width: 215px) 100vw, 215px\" \/><\/figure>\n<\/div>\n\n<div class=\"wp-block-image\">\n<figure class=\"aligncenter size-large is-resized\"><img loading=\"lazy\" decoding=\"async\" src=\"https:\/\/www.ecolegabrieldeshayes.fr\/blog\/wp-content\/uploads\/IMG_1231-768x1024.jpeg\" alt=\"\" class=\"wp-image-5881\" width=\"235\" height=\"312\" srcset=\"https:\/\/www.ecolegabrieldeshayes.fr\/blog\/wp-content\/uploads\/IMG_1231-768x1024.jpeg 768w, https:\/\/www.ecolegabrieldeshayes.fr\/blog\/wp-content\/uploads\/IMG_1231-225x300.jpeg 225w, https:\/\/www.ecolegabrieldeshayes.fr\/blog\/wp-content\/uploads\/IMG_1231-1152x1536.jpeg 1152w, https:\/\/www.ecolegabrieldeshayes.fr\/blog\/wp-content\/uploads\/IMG_1231-scaled.jpeg 1536w\" sizes=\"auto, (max-width: 235px) 100vw, 235px\" \/><\/figure>\n<\/div>\n\n<div class=\"wp-block-image\">\n<figure class=\"alignright size-large is-resized\"><img loading=\"lazy\" decoding=\"async\" src=\"https:\/\/www.ecolegabrieldeshayes.fr\/blog\/wp-content\/uploads\/IMG_1195-768x1024.jpeg\" alt=\"\" class=\"wp-image-5882\" width=\"254\" height=\"338\" srcset=\"https:\/\/www.ecolegabrieldeshayes.fr\/blog\/wp-content\/uploads\/IMG_1195-768x1024.jpeg 768w, https:\/\/www.ecolegabrieldeshayes.fr\/blog\/wp-content\/uploads\/IMG_1195-225x300.jpeg 225w, https:\/\/www.ecolegabrieldeshayes.fr\/blog\/wp-content\/uploads\/IMG_1195-1152x1536.jpeg 1152w, https:\/\/www.ecolegabrieldeshayes.fr\/blog\/wp-content\/uploads\/IMG_1195-scaled.jpeg 1536w\" sizes=\"auto, (max-width: 254px) 100vw, 254px\" \/><\/figure>\n<\/div>","protected":false},"excerpt":{"rendered":"<p>voici quelques outils que nous utilisons en classe : des tabourets oscillants (autour de la table en forme de haricot pour travailler en petit groupe avec la maitresse, on adore !), des tables \u00e0 petit-d\u00e9jeuner (qui fonctionnent sans pile et sans pains au chocolat, seulement un peu de r\u00e9flexion et d&rsquo;attention !), des coussins de &hellip; <\/p>\n<p class=\"link-more\"><a href=\"https:\/\/www.ecolegabrieldeshayes.fr\/blog\/?p=5879\" class=\"more-link\">Continuer la lecture<span class=\"screen-reader-text\"> de &laquo;&nbsp;Notre mat\u00e9riel flexible&nbsp;&raquo;<\/span><\/a><\/p>\n","protected":false},"author":8,"featured_media":0,"comment_status":"closed","ping_status":"open","sticky":false,"template":"","format":"standard","meta":{"footnotes":""},"categories":[6],"tags":[],"class_list":["post-5879","post","type-post","status-publish","format-standard","hentry","category-cycle-2"],"_links":{"self":[{"href":"https:\/\/www.ecolegabrieldeshayes.fr\/blog\/index.php?rest_route=\/wp\/v2\/posts\/5879","targetHints":{"allow":["GET"]}}],"collection":[{"href":"https:\/\/www.ecolegabrieldeshayes.fr\/blog\/index.php?rest_route=\/wp\/v2\/posts"}],"about":[{"href":"https:\/\/www.ecolegabrieldeshayes.fr\/blog\/index.php?rest_route=\/wp\/v2\/types\/post"}],"author":[{"embeddable":true,"href":"https:\/\/www.ecolegabrieldeshayes.fr\/blog\/index.php?rest_route=\/wp\/v2\/users\/8"}],"replies":[{"embeddable":true,"href":"https:\/\/www.ecolegabrieldeshayes.fr\/blog\/index.php?rest_route=%2Fwp%2Fv2%2Fcomments&post=5879"}],"version-history":[{"count":1,"href":"https:\/\/www.ecolegabrieldeshayes.fr\/blog\/index.php?rest_route=\/wp\/v2\/posts\/5879\/revisions"}],"predecessor-version":[{"id":5883,"href":"https:\/\/www.ecolegabrieldeshayes.fr\/blog\/index.php?rest_route=\/wp\/v2\/posts\/5879\/revisions\/5883"}],"wp:attachment":[{"href":"https:\/\/www.ecolegabrieldeshayes.fr\/blog\/index.php?rest_route=%2Fwp%2Fv2%2Fmedia&parent=5879"}],"wp:term":[{"taxonomy":"category","embeddable":true,"href":"https:\/\/www.ecolegabrieldeshayes.fr\/blog\/index.php?rest_route=%2Fwp%2Fv2%2Fcategories&post=5879"},{"taxonomy":"post_tag","embeddable":true,"href":"https:\/\/www.ecolegabrieldeshayes.fr\/blog\/index.php?rest_route=%2Fwp%2Fv2%2Ftags&post=5879"}],"curies":[{"name":"wp","href":"https:\/\/api.w.org\/{rel}","templated":true}]}}