{"id":5896,"date":"2023-06-28T15:25:10","date_gmt":"2023-06-28T13:25:10","guid":{"rendered":"http:\/\/www.ecolegabrieldeshayes.fr\/blog\/?p=5896"},"modified":"2023-06-28T15:25:10","modified_gmt":"2023-06-28T13:25:10","slug":"remise-des-diplomes-cambridge","status":"publish","type":"post","link":"https:\/\/www.ecolegabrieldeshayes.fr\/blog\/?p=5896","title":{"rendered":"Remise des dipl\u00f4mes Cambridge"},"content":{"rendered":"\n<p>Le lundi 26 juin, les \u00e9l\u00e8ves de CM2 ont particip\u00e9 \u00e0 la troisi\u00e8me remise de dipl\u00f4mes Cambridge \u00e0 l&rsquo;\u00e9cole. Apr\u00e8s 2 ann\u00e9es de pr\u00e9paration \u00e0 l&rsquo;examen d&rsquo;anglais, les \u00e9l\u00e8ves ont tous obtenu avec fiert\u00e9 leur dipl\u00f4me et leurs r\u00e9sultats. <\/p>\n\n\n\n<p>Voici quelques photos des heureux dipl\u00f4m\u00e9s.<\/p>\n\n\n\n<p>Well done!<\/p>\n\n\n\n<p><a href=\"https:\/\/photos.app.goo.gl\/qge6tTCSxT7SaHFo8\">https:\/\/photos.app.goo.gl\/qge6tTCSxT7SaHFo8<\/a><\/p>\n\n\n\n<p><\/p>\n","protected":false},"excerpt":{"rendered":"<p>Le lundi 26 juin, les \u00e9l\u00e8ves de CM2 ont particip\u00e9 \u00e0 la troisi\u00e8me remise de dipl\u00f4mes Cambridge \u00e0 l&rsquo;\u00e9cole. Apr\u00e8s 2 ann\u00e9es de pr\u00e9paration \u00e0 l&rsquo;examen d&rsquo;anglais, les \u00e9l\u00e8ves ont tous obtenu avec fiert\u00e9 leur dipl\u00f4me et leurs r\u00e9sultats. Voici quelques photos des heureux dipl\u00f4m\u00e9s. Well done! https:\/\/photos.app.goo.gl\/qge6tTCSxT7SaHFo8<\/p>\n","protected":false},"author":7,"featured_media":0,"comment_status":"closed","ping_status":"open","sticky":false,"template":"","format":"standard","meta":{"footnotes":""},"categories":[1],"tags":[],"class_list":["post-5896","post","type-post","status-publish","format-standard","hentry","category-non-classe"],"_links":{"self":[{"href":"https:\/\/www.ecolegabrieldeshayes.fr\/blog\/index.php?rest_route=\/wp\/v2\/posts\/5896","targetHints":{"allow":["GET"]}}],"collection":[{"href":"https:\/\/www.ecolegabrieldeshayes.fr\/blog\/index.php?rest_route=\/wp\/v2\/posts"}],"about":[{"href":"https:\/\/www.ecolegabrieldeshayes.fr\/blog\/index.php?rest_route=\/wp\/v2\/types\/post"}],"author":[{"embeddable":true,"href":"https:\/\/www.ecolegabrieldeshayes.fr\/blog\/index.php?rest_route=\/wp\/v2\/users\/7"}],"replies":[{"embeddable":true,"href":"https:\/\/www.ecolegabrieldeshayes.fr\/blog\/index.php?rest_route=%2Fwp%2Fv2%2Fcomments&post=5896"}],"version-history":[{"count":2,"href":"https:\/\/www.ecolegabrieldeshayes.fr\/blog\/index.php?rest_route=\/wp\/v2\/posts\/5896\/revisions"}],"predecessor-version":[{"id":5899,"href":"https:\/\/www.ecolegabrieldeshayes.fr\/blog\/index.php?rest_route=\/wp\/v2\/posts\/5896\/revisions\/5899"}],"wp:attachment":[{"href":"https:\/\/www.ecolegabrieldeshayes.fr\/blog\/index.php?rest_route=%2Fwp%2Fv2%2Fmedia&parent=5896"}],"wp:term":[{"taxonomy":"category","embeddable":true,"href":"https:\/\/www.ecolegabrieldeshayes.fr\/blog\/index.php?rest_route=%2Fwp%2Fv2%2Fcategories&post=5896"},{"taxonomy":"post_tag","embeddable":true,"href":"https:\/\/www.ecolegabrieldeshayes.fr\/blog\/index.php?rest_route=%2Fwp%2Fv2%2Ftags&post=5896"}],"curies":[{"name":"wp","href":"https:\/\/api.w.org\/{rel}","templated":true}]}}