{"id":5976,"date":"2023-06-29T17:51:52","date_gmt":"2023-06-29T15:51:52","guid":{"rendered":"http:\/\/www.ecolegabrieldeshayes.fr\/blog\/?p=5976"},"modified":"2023-06-29T17:52:37","modified_gmt":"2023-06-29T15:52:37","slug":"classe-de-voile-ce2-jour-3-3","status":"publish","type":"post","link":"https:\/\/www.ecolegabrieldeshayes.fr\/blog\/?p=5976","title":{"rendered":"Classe de voile CE2- jour 3"},"content":{"rendered":"\n<p>Un peu de nuages ce jeudi 29 juin pour pratiquer la voile. Beau temps cet apr\u00e8s-midi.<\/p>\n\n\n\n<p>P\u00eache \u00e0 pied pour le groupe B et contes et histoire de notre littoral pour le groupe A avec Anne Jacob.<\/p>\n\n\n\n<p>Une belle journ\u00e9e!<\/p>\n\n\n\n<p><a href=\"https:\/\/photos.app.goo.gl\/wyh71YaPHJPJEzgo8\">Voici les photos de jeudi!<\/a><\/p>\n\n\n\n<figure class=\"wp-block-image size-large\"><img loading=\"lazy\" decoding=\"async\" width=\"1024\" height=\"768\" src=\"https:\/\/www.ecolegabrieldeshayes.fr\/blog\/wp-content\/uploads\/IMG_7490-1024x768.jpg\" alt=\"\" class=\"wp-image-5977\" srcset=\"https:\/\/www.ecolegabrieldeshayes.fr\/blog\/wp-content\/uploads\/IMG_7490-1024x768.jpg 1024w, https:\/\/www.ecolegabrieldeshayes.fr\/blog\/wp-content\/uploads\/IMG_7490-300x225.jpg 300w, https:\/\/www.ecolegabrieldeshayes.fr\/blog\/wp-content\/uploads\/IMG_7490-768x576.jpg 768w, https:\/\/www.ecolegabrieldeshayes.fr\/blog\/wp-content\/uploads\/IMG_7490-1536x1152.jpg 1536w, https:\/\/www.ecolegabrieldeshayes.fr\/blog\/wp-content\/uploads\/IMG_7490-scaled.jpg 2048w\" sizes=\"auto, (max-width: 767px) 89vw, (max-width: 1000px) 54vw, (max-width: 1071px) 543px, 580px\" \/><\/figure>\n","protected":false},"excerpt":{"rendered":"<p>Un peu de nuages ce jeudi 29 juin pour pratiquer la voile. Beau temps cet apr\u00e8s-midi. P\u00eache \u00e0 pied pour le groupe B et contes et histoire de notre littoral pour le groupe A avec Anne Jacob. Une belle journ\u00e9e! Voici les photos de jeudi!<\/p>\n","protected":false},"author":4,"featured_media":0,"comment_status":"closed","ping_status":"open","sticky":false,"template":"","format":"standard","meta":{"footnotes":""},"categories":[6,1],"tags":[],"class_list":["post-5976","post","type-post","status-publish","format-standard","hentry","category-cycle-2","category-non-classe"],"_links":{"self":[{"href":"https:\/\/www.ecolegabrieldeshayes.fr\/blog\/index.php?rest_route=\/wp\/v2\/posts\/5976","targetHints":{"allow":["GET"]}}],"collection":[{"href":"https:\/\/www.ecolegabrieldeshayes.fr\/blog\/index.php?rest_route=\/wp\/v2\/posts"}],"about":[{"href":"https:\/\/www.ecolegabrieldeshayes.fr\/blog\/index.php?rest_route=\/wp\/v2\/types\/post"}],"author":[{"embeddable":true,"href":"https:\/\/www.ecolegabrieldeshayes.fr\/blog\/index.php?rest_route=\/wp\/v2\/users\/4"}],"replies":[{"embeddable":true,"href":"https:\/\/www.ecolegabrieldeshayes.fr\/blog\/index.php?rest_route=%2Fwp%2Fv2%2Fcomments&post=5976"}],"version-history":[{"count":2,"href":"https:\/\/www.ecolegabrieldeshayes.fr\/blog\/index.php?rest_route=\/wp\/v2\/posts\/5976\/revisions"}],"predecessor-version":[{"id":6011,"href":"https:\/\/www.ecolegabrieldeshayes.fr\/blog\/index.php?rest_route=\/wp\/v2\/posts\/5976\/revisions\/6011"}],"wp:attachment":[{"href":"https:\/\/www.ecolegabrieldeshayes.fr\/blog\/index.php?rest_route=%2Fwp%2Fv2%2Fmedia&parent=5976"}],"wp:term":[{"taxonomy":"category","embeddable":true,"href":"https:\/\/www.ecolegabrieldeshayes.fr\/blog\/index.php?rest_route=%2Fwp%2Fv2%2Fcategories&post=5976"},{"taxonomy":"post_tag","embeddable":true,"href":"https:\/\/www.ecolegabrieldeshayes.fr\/blog\/index.php?rest_route=%2Fwp%2Fv2%2Ftags&post=5976"}],"curies":[{"name":"wp","href":"https:\/\/api.w.org\/{rel}","templated":true}]}}