{"id":5979,"date":"2023-06-30T20:41:14","date_gmt":"2023-06-30T18:41:14","guid":{"rendered":"http:\/\/www.ecolegabrieldeshayes.fr\/blog\/?p=5979"},"modified":"2023-07-03T15:49:35","modified_gmt":"2023-07-03T13:49:35","slug":"classe-de-voile-jour-4-2","status":"publish","type":"post","link":"https:\/\/www.ecolegabrieldeshayes.fr\/blog\/?p=5979","title":{"rendered":"Classe de voile &#8211; jour 4"},"content":{"rendered":"\n<p>M\u00e9t\u00e9o moyennement cl\u00e9mente pour ce dernier jour de s\u00e9jour de voile!<\/p>\n\n\n\n<p>Explications de la SNSM par St\u00e9phane,  patron de Vedette SNSM et directeur du centre de voile.<\/p>\n\n\n\n<figure class=\"wp-block-image size-large\"><img loading=\"lazy\" decoding=\"async\" width=\"1024\" height=\"768\" src=\"https:\/\/www.ecolegabrieldeshayes.fr\/blog\/wp-content\/uploads\/IMG_7672-1024x768.jpg\" alt=\"\" class=\"wp-image-5980\" srcset=\"https:\/\/www.ecolegabrieldeshayes.fr\/blog\/wp-content\/uploads\/IMG_7672-1024x768.jpg 1024w, https:\/\/www.ecolegabrieldeshayes.fr\/blog\/wp-content\/uploads\/IMG_7672-300x225.jpg 300w, https:\/\/www.ecolegabrieldeshayes.fr\/blog\/wp-content\/uploads\/IMG_7672-768x576.jpg 768w, https:\/\/www.ecolegabrieldeshayes.fr\/blog\/wp-content\/uploads\/IMG_7672-1536x1152.jpg 1536w, https:\/\/www.ecolegabrieldeshayes.fr\/blog\/wp-content\/uploads\/IMG_7672-scaled.jpg 2048w\" sizes=\"auto, (max-width: 767px) 89vw, (max-width: 1000px) 54vw, (max-width: 1071px) 543px, 580px\" \/><\/figure>\n\n\n\n<p>Puis il a ouvert un radeau de survie.<\/p>\n\n\n\n<p>Cette apr\u00e8s-midi, nous avons fait les jeux nautiques. La m\u00e9t\u00e9o n&rsquo;\u00e9tait pas tr\u00e8s favorable et nous n&rsquo;avons pas pu faire du kayak mais nous avons fait de la voile et du jumbo! C&rsquo;\u00e9tait g\u00e9nial&#8230;<\/p>\n\n\n\n<p><strong>Petite r\u00e9flexion \u00e0 partager:<\/strong><\/p>\n\n\n\n<p>A 16H en remontant dans le bus, un enfant dit: \u00ab\u00a0Vous \u00eates d&rsquo;accord avec moi, les copains??? C&rsquo;\u00e9tait g\u00e9nial la semaine de voile?<\/p>\n\n\n\n<p>Les copains ont acquiesc\u00e9&#8230; <\/p>\n\n\n\n<figure class=\"wp-block-image size-large\"><img loading=\"lazy\" decoding=\"async\" width=\"768\" height=\"1024\" src=\"https:\/\/www.ecolegabrieldeshayes.fr\/blog\/wp-content\/uploads\/IMG_7700-768x1024.jpg\" alt=\"\" class=\"wp-image-5982\" srcset=\"https:\/\/www.ecolegabrieldeshayes.fr\/blog\/wp-content\/uploads\/IMG_7700-768x1024.jpg 768w, https:\/\/www.ecolegabrieldeshayes.fr\/blog\/wp-content\/uploads\/IMG_7700-225x300.jpg 225w, https:\/\/www.ecolegabrieldeshayes.fr\/blog\/wp-content\/uploads\/IMG_7700-1152x1536.jpg 1152w, https:\/\/www.ecolegabrieldeshayes.fr\/blog\/wp-content\/uploads\/IMG_7700-scaled.jpg 1536w\" sizes=\"auto, (max-width: 767px) 89vw, (max-width: 1000px) 54vw, (max-width: 1071px) 543px, 580px\" \/><\/figure>\n\n\n\n<p>Super semaine! En esp\u00e9rant que les enfants gardent de nombreux souvenirs&#8230;<\/p>\n\n\n\n<p><a href=\"https:\/\/photos.app.goo.gl\/dEmaK8avwyZphioFA\">Photos du vendredi.<\/a><\/p>\n\n\n\n<p>Et en voici d&rsquo;autres: <a href=\"https:\/\/photos.app.goo.gl\/uX2sBe2Cu7eoKBGc9\"> je clique<\/a><\/p>\n","protected":false},"excerpt":{"rendered":"<p>M\u00e9t\u00e9o moyennement cl\u00e9mente pour ce dernier jour de s\u00e9jour de voile! Explications de la SNSM par St\u00e9phane, patron de Vedette SNSM et directeur du centre de voile. Puis il a ouvert un radeau de survie. Cette apr\u00e8s-midi, nous avons fait les jeux nautiques. La m\u00e9t\u00e9o n&rsquo;\u00e9tait pas tr\u00e8s favorable et nous n&rsquo;avons pas pu faire &hellip; <\/p>\n<p class=\"link-more\"><a href=\"https:\/\/www.ecolegabrieldeshayes.fr\/blog\/?p=5979\" class=\"more-link\">Continuer la lecture<span class=\"screen-reader-text\"> de &laquo;&nbsp;Classe de voile &#8211; jour 4&nbsp;&raquo;<\/span><\/a><\/p>\n","protected":false},"author":4,"featured_media":0,"comment_status":"closed","ping_status":"open","sticky":false,"template":"","format":"standard","meta":{"footnotes":""},"categories":[6],"tags":[],"class_list":["post-5979","post","type-post","status-publish","format-standard","hentry","category-cycle-2"],"_links":{"self":[{"href":"https:\/\/www.ecolegabrieldeshayes.fr\/blog\/index.php?rest_route=\/wp\/v2\/posts\/5979","targetHints":{"allow":["GET"]}}],"collection":[{"href":"https:\/\/www.ecolegabrieldeshayes.fr\/blog\/index.php?rest_route=\/wp\/v2\/posts"}],"about":[{"href":"https:\/\/www.ecolegabrieldeshayes.fr\/blog\/index.php?rest_route=\/wp\/v2\/types\/post"}],"author":[{"embeddable":true,"href":"https:\/\/www.ecolegabrieldeshayes.fr\/blog\/index.php?rest_route=\/wp\/v2\/users\/4"}],"replies":[{"embeddable":true,"href":"https:\/\/www.ecolegabrieldeshayes.fr\/blog\/index.php?rest_route=%2Fwp%2Fv2%2Fcomments&post=5979"}],"version-history":[{"count":3,"href":"https:\/\/www.ecolegabrieldeshayes.fr\/blog\/index.php?rest_route=\/wp\/v2\/posts\/5979\/revisions"}],"predecessor-version":[{"id":6013,"href":"https:\/\/www.ecolegabrieldeshayes.fr\/blog\/index.php?rest_route=\/wp\/v2\/posts\/5979\/revisions\/6013"}],"wp:attachment":[{"href":"https:\/\/www.ecolegabrieldeshayes.fr\/blog\/index.php?rest_route=%2Fwp%2Fv2%2Fmedia&parent=5979"}],"wp:term":[{"taxonomy":"category","embeddable":true,"href":"https:\/\/www.ecolegabrieldeshayes.fr\/blog\/index.php?rest_route=%2Fwp%2Fv2%2Fcategories&post=5979"},{"taxonomy":"post_tag","embeddable":true,"href":"https:\/\/www.ecolegabrieldeshayes.fr\/blog\/index.php?rest_route=%2Fwp%2Fv2%2Ftags&post=5979"}],"curies":[{"name":"wp","href":"https:\/\/api.w.org\/{rel}","templated":true}]}}