{"id":6304,"date":"2023-11-09T20:07:20","date_gmt":"2023-11-09T19:07:20","guid":{"rendered":"https:\/\/www.ecolegabrieldeshayes.fr\/blog\/?p=6304"},"modified":"2023-11-09T20:07:20","modified_gmt":"2023-11-09T19:07:20","slug":"pommes-sous-toutes-ses-formes-en-tps-ps-2","status":"publish","type":"post","link":"https:\/\/www.ecolegabrieldeshayes.fr\/blog\/?p=6304","title":{"rendered":"Pommes sous toutes ses formes en TPS\/PS 2"},"content":{"rendered":"\n<p>Apr\u00e8s avoir observ\u00e9, touch\u00e9, senti et go\u00fbt\u00e9 diff\u00e9rentes vari\u00e9t\u00e9s de pommes crues, les \u00e9l\u00e8ves de Nathalie ont cuisin\u00e9 de la compote et une tarte aux pommes.<\/p>\n\n\n<div class=\"wp-block-image is-style-rounded\">\n<figure class=\"aligncenter size-medium\"><img loading=\"lazy\" decoding=\"async\" width=\"134\" height=\"300\" src=\"https:\/\/www.ecolegabrieldeshayes.fr\/blog\/wp-content\/uploads\/IMG_20231109_092947-134x300.jpg\" alt=\"\" class=\"wp-image-6305\" srcset=\"https:\/\/www.ecolegabrieldeshayes.fr\/blog\/wp-content\/uploads\/IMG_20231109_092947-134x300.jpg 134w, https:\/\/www.ecolegabrieldeshayes.fr\/blog\/wp-content\/uploads\/IMG_20231109_092947-459x1024.jpg 459w, https:\/\/www.ecolegabrieldeshayes.fr\/blog\/wp-content\/uploads\/IMG_20231109_092947-768x1714.jpg 768w, https:\/\/www.ecolegabrieldeshayes.fr\/blog\/wp-content\/uploads\/IMG_20231109_092947-688x1536.jpg 688w, https:\/\/www.ecolegabrieldeshayes.fr\/blog\/wp-content\/uploads\/IMG_20231109_092947-scaled.jpg 918w\" sizes=\"auto, (max-width: 134px) 100vw, 134px\" \/><\/figure>\n<\/div>\n\n\n<p>Diff\u00e9rents ustensiles de cuisine ont \u00e9t\u00e9 d\u00e9couverts et utilis\u00e9s \u00e0 cette occasion. <\/p>\n\n\n\n<p>C&rsquo;est \u00e0 la force du poignet que les petits cuisiniers sont venus \u00e0 bout de toutes ces pommes !<\/p>\n\n\n<div class=\"wp-block-image is-style-rounded\">\n<figure class=\"aligncenter size-medium\"><img loading=\"lazy\" decoding=\"async\" width=\"134\" height=\"300\" src=\"https:\/\/www.ecolegabrieldeshayes.fr\/blog\/wp-content\/uploads\/IMG_20231109_152946-1-134x300.jpg\" alt=\"\" class=\"wp-image-6307\" srcset=\"https:\/\/www.ecolegabrieldeshayes.fr\/blog\/wp-content\/uploads\/IMG_20231109_152946-1-134x300.jpg 134w, https:\/\/www.ecolegabrieldeshayes.fr\/blog\/wp-content\/uploads\/IMG_20231109_152946-1-459x1024.jpg 459w, https:\/\/www.ecolegabrieldeshayes.fr\/blog\/wp-content\/uploads\/IMG_20231109_152946-1-768x1714.jpg 768w, https:\/\/www.ecolegabrieldeshayes.fr\/blog\/wp-content\/uploads\/IMG_20231109_152946-1-688x1536.jpg 688w, https:\/\/www.ecolegabrieldeshayes.fr\/blog\/wp-content\/uploads\/IMG_20231109_152946-1-scaled.jpg 918w\" sizes=\"auto, (max-width: 134px) 100vw, 134px\" \/><\/figure>\n<\/div>\n\n\n<p>Mais \u00e0 l&rsquo;issue des cuissons, quelle belle r\u00e9compense que la d\u00e9gustation !!<\/p>\n\n\n\n<p>Photos et vid\u00e9os : <a href=\"https:\/\/photos.google.com\/u\/1\/album\/AF1QipPC0imVReJUgDAG6jBPUahluh-jDpEuka__Kre4\">https:\/\/photos.google.com\/u\/1\/album\/AF1QipPC0imVReJUgDAG6jBPUahluh-jDpEuka__Kre4<\/a><\/p>\n","protected":false},"excerpt":{"rendered":"<p>Apr\u00e8s avoir observ\u00e9, touch\u00e9, senti et go\u00fbt\u00e9 diff\u00e9rentes vari\u00e9t\u00e9s de pommes crues, les \u00e9l\u00e8ves de Nathalie ont cuisin\u00e9 de la compote et une tarte aux pommes. Diff\u00e9rents ustensiles de cuisine ont \u00e9t\u00e9 d\u00e9couverts et utilis\u00e9s \u00e0 cette occasion. C&rsquo;est \u00e0 la force du poignet que les petits cuisiniers sont venus \u00e0 bout de toutes ces &hellip; <\/p>\n<p class=\"link-more\"><a href=\"https:\/\/www.ecolegabrieldeshayes.fr\/blog\/?p=6304\" class=\"more-link\">Continuer la lecture<span class=\"screen-reader-text\"> de &laquo;&nbsp;Pommes sous toutes ses formes en TPS\/PS 2&nbsp;&raquo;<\/span><\/a><\/p>\n","protected":false},"author":5,"featured_media":0,"comment_status":"closed","ping_status":"open","sticky":false,"template":"","format":"standard","meta":{"footnotes":""},"categories":[5,1],"tags":[],"class_list":["post-6304","post","type-post","status-publish","format-standard","hentry","category-cycle-1","category-non-classe"],"_links":{"self":[{"href":"https:\/\/www.ecolegabrieldeshayes.fr\/blog\/index.php?rest_route=\/wp\/v2\/posts\/6304","targetHints":{"allow":["GET"]}}],"collection":[{"href":"https:\/\/www.ecolegabrieldeshayes.fr\/blog\/index.php?rest_route=\/wp\/v2\/posts"}],"about":[{"href":"https:\/\/www.ecolegabrieldeshayes.fr\/blog\/index.php?rest_route=\/wp\/v2\/types\/post"}],"author":[{"embeddable":true,"href":"https:\/\/www.ecolegabrieldeshayes.fr\/blog\/index.php?rest_route=\/wp\/v2\/users\/5"}],"replies":[{"embeddable":true,"href":"https:\/\/www.ecolegabrieldeshayes.fr\/blog\/index.php?rest_route=%2Fwp%2Fv2%2Fcomments&post=6304"}],"version-history":[{"count":1,"href":"https:\/\/www.ecolegabrieldeshayes.fr\/blog\/index.php?rest_route=\/wp\/v2\/posts\/6304\/revisions"}],"predecessor-version":[{"id":6308,"href":"https:\/\/www.ecolegabrieldeshayes.fr\/blog\/index.php?rest_route=\/wp\/v2\/posts\/6304\/revisions\/6308"}],"wp:attachment":[{"href":"https:\/\/www.ecolegabrieldeshayes.fr\/blog\/index.php?rest_route=%2Fwp%2Fv2%2Fmedia&parent=6304"}],"wp:term":[{"taxonomy":"category","embeddable":true,"href":"https:\/\/www.ecolegabrieldeshayes.fr\/blog\/index.php?rest_route=%2Fwp%2Fv2%2Fcategories&post=6304"},{"taxonomy":"post_tag","embeddable":true,"href":"https:\/\/www.ecolegabrieldeshayes.fr\/blog\/index.php?rest_route=%2Fwp%2Fv2%2Ftags&post=6304"}],"curies":[{"name":"wp","href":"https:\/\/api.w.org\/{rel}","templated":true}]}}