{"id":6759,"date":"2024-06-03T14:19:15","date_gmt":"2024-06-03T12:19:15","guid":{"rendered":"https:\/\/www.ecolegabrieldeshayes.fr\/blog\/?p=6759"},"modified":"2024-06-03T14:19:15","modified_gmt":"2024-06-03T12:19:15","slug":"projet-etwinning-les-eleves-de-ms-presentent-des-artistes-francais-a-leurs-amis-europeens","status":"publish","type":"post","link":"https:\/\/www.ecolegabrieldeshayes.fr\/blog\/?p=6759","title":{"rendered":"Projet eTwinning : Les \u00e9l\u00e8ves de MS pr\u00e9sentent des artistes fran\u00e7ais \u00e0 leurs amis europ\u00e9ens"},"content":{"rendered":"\n<p>Dans le cadre de notre projet eTwinning, nous devions faire d\u00e9couvrir \u00e0 nos correspondants europ\u00e9ens des artistes fran\u00e7ais. Nous avons tout d&rsquo;abord observ\u00e9 les oeuvres de Delaunay et Seurat puis nous nous en sommes inspir\u00e9s pour cr\u00e9er de nouvelles compositions plastiques. Des \u00e9l\u00e8ves de d&rsquo;autres classes se sont associ\u00e9s \u00e0 ce beau projet : les TPS\/PS d&rsquo;Isabelle, les GS de Fabienne, les CE1 de Mme ROBIC, les CE1\/CE2 de Mme COLLET. <\/p>\n\n\n\n<p>Voici la vid\u00e9o transmise \u00e0 nos correspondants : <\/p>\n\n\n\n<figure class=\"wp-block-video\"><video height=\"1080\" style=\"aspect-ratio: 1920 \/ 1080;\" width=\"1920\" controls src=\"https:\/\/www.ecolegabrieldeshayes.fr\/blog\/wp-content\/uploads\/ART-SESSION-French-Artists.mp4\"><\/video><\/figure>\n","protected":false},"excerpt":{"rendered":"<p>Dans le cadre de notre projet eTwinning, nous devions faire d\u00e9couvrir \u00e0 nos correspondants europ\u00e9ens des artistes fran\u00e7ais. Nous avons tout d&rsquo;abord observ\u00e9 les oeuvres de Delaunay et Seurat puis nous nous en sommes inspir\u00e9s pour cr\u00e9er de nouvelles compositions plastiques. Des \u00e9l\u00e8ves de d&rsquo;autres classes se sont associ\u00e9s \u00e0 ce beau projet : les &hellip; <\/p>\n<p class=\"link-more\"><a href=\"https:\/\/www.ecolegabrieldeshayes.fr\/blog\/?p=6759\" class=\"more-link\">Continuer la lecture<span class=\"screen-reader-text\"> de &laquo;&nbsp;Projet eTwinning : Les \u00e9l\u00e8ves de MS pr\u00e9sentent des artistes fran\u00e7ais \u00e0 leurs amis europ\u00e9ens&nbsp;&raquo;<\/span><\/a><\/p>\n","protected":false},"author":19,"featured_media":0,"comment_status":"closed","ping_status":"open","sticky":false,"template":"","format":"standard","meta":{"footnotes":""},"categories":[1],"tags":[],"class_list":["post-6759","post","type-post","status-publish","format-standard","hentry","category-non-classe"],"_links":{"self":[{"href":"https:\/\/www.ecolegabrieldeshayes.fr\/blog\/index.php?rest_route=\/wp\/v2\/posts\/6759","targetHints":{"allow":["GET"]}}],"collection":[{"href":"https:\/\/www.ecolegabrieldeshayes.fr\/blog\/index.php?rest_route=\/wp\/v2\/posts"}],"about":[{"href":"https:\/\/www.ecolegabrieldeshayes.fr\/blog\/index.php?rest_route=\/wp\/v2\/types\/post"}],"author":[{"embeddable":true,"href":"https:\/\/www.ecolegabrieldeshayes.fr\/blog\/index.php?rest_route=\/wp\/v2\/users\/19"}],"replies":[{"embeddable":true,"href":"https:\/\/www.ecolegabrieldeshayes.fr\/blog\/index.php?rest_route=%2Fwp%2Fv2%2Fcomments&post=6759"}],"version-history":[{"count":1,"href":"https:\/\/www.ecolegabrieldeshayes.fr\/blog\/index.php?rest_route=\/wp\/v2\/posts\/6759\/revisions"}],"predecessor-version":[{"id":6761,"href":"https:\/\/www.ecolegabrieldeshayes.fr\/blog\/index.php?rest_route=\/wp\/v2\/posts\/6759\/revisions\/6761"}],"wp:attachment":[{"href":"https:\/\/www.ecolegabrieldeshayes.fr\/blog\/index.php?rest_route=%2Fwp%2Fv2%2Fmedia&parent=6759"}],"wp:term":[{"taxonomy":"category","embeddable":true,"href":"https:\/\/www.ecolegabrieldeshayes.fr\/blog\/index.php?rest_route=%2Fwp%2Fv2%2Fcategories&post=6759"},{"taxonomy":"post_tag","embeddable":true,"href":"https:\/\/www.ecolegabrieldeshayes.fr\/blog\/index.php?rest_route=%2Fwp%2Fv2%2Ftags&post=6759"}],"curies":[{"name":"wp","href":"https:\/\/api.w.org\/{rel}","templated":true}]}}