{"id":6874,"date":"2024-10-16T13:56:40","date_gmt":"2024-10-16T11:56:40","guid":{"rendered":"https:\/\/www.ecolegabrieldeshayes.fr\/blog\/?p=6874"},"modified":"2024-10-16T13:56:40","modified_gmt":"2024-10-16T11:56:40","slug":"le-grand-voyage-des-cm1","status":"publish","type":"post","link":"https:\/\/www.ecolegabrieldeshayes.fr\/blog\/?p=6874","title":{"rendered":"Le grand voyage des CM1"},"content":{"rendered":"\n<p>Les Cm1 ont commenc\u00e9 un projet de r\u00e9daction nomm\u00e9 \u00ab\u00a0le grand voyage\u00a0\u00bb. <\/p>\n\n\n\n<p>Il s&rsquo;agit de notre fil rouge pour cette ann\u00e9e scolaire.<\/p>\n\n\n\n<p>Les \u00e9l\u00e8ves ont eu la surprise de d\u00e9couvrir une valise cadenass\u00e9e, 9 enveloppes, une grille de mots crois\u00e9s incompl\u00e8te et une demande de mot de passe.<\/p>\n\n\n\n<p>C&rsquo;est en coop\u00e9rant qu&rsquo;ils ont r\u00e9ussi \u00e0 ouvrir la valise et \u00e0 d\u00e9couvrir des billets d&#8217;embarquement pour une croisi\u00e8re&#8230;<\/p>\n\n\n\n<p>Lors des s\u00e9ances suivantes, les futurs aventuriers ont pr\u00e9sent\u00e9 \u00e0 l&rsquo;\u00e9crit puis \u00e0 l&rsquo;oral, l&rsquo;objet qui leur semble essentiel pour partir en voyage. <\/p>\n\n\n\n<p>Ce fut \u00e9galement l&rsquo;occasion de cr\u00e9er nos cartes d&#8217;embarquement et de choisir chacun une nouvelle identit\u00e9.<\/p>\n\n\n\n<p>Il n&rsquo;y a plus qu&rsquo;\u00e0 embarquer !<\/p>\n\n\n\n<p>La suite des aventures au prochain \u00e9pisode &#8230; <\/p>\n\n\n\n<figure class=\"wp-block-image size-full is-resized\"><img loading=\"lazy\" decoding=\"async\" width=\"640\" height=\"481\" src=\"https:\/\/www.ecolegabrieldeshayes.fr\/blog\/wp-content\/uploads\/thumbnail_IMG_5987.jpg\" alt=\"\" class=\"wp-image-6875\" style=\"width:674px;height:auto\" srcset=\"https:\/\/www.ecolegabrieldeshayes.fr\/blog\/wp-content\/uploads\/thumbnail_IMG_5987.jpg 640w, https:\/\/www.ecolegabrieldeshayes.fr\/blog\/wp-content\/uploads\/thumbnail_IMG_5987-300x225.jpg 300w\" sizes=\"auto, (max-width: 640px) 100vw, 640px\" \/><\/figure>\n\n\n\n<figure class=\"wp-block-image size-full\"><img loading=\"lazy\" decoding=\"async\" width=\"640\" height=\"481\" src=\"https:\/\/www.ecolegabrieldeshayes.fr\/blog\/wp-content\/uploads\/thumbnail_IMG_5996.jpg\" alt=\"\" class=\"wp-image-6876\" srcset=\"https:\/\/www.ecolegabrieldeshayes.fr\/blog\/wp-content\/uploads\/thumbnail_IMG_5996.jpg 640w, https:\/\/www.ecolegabrieldeshayes.fr\/blog\/wp-content\/uploads\/thumbnail_IMG_5996-300x225.jpg 300w\" sizes=\"auto, (max-width: 640px) 100vw, 640px\" \/><\/figure>\n\n\n\n<p>Suite des photos avec ce lien : <a href=\"https:\/\/photos.app.goo.gl\/KnpPswJuTNBFeqNC8\">https:\/\/photos.app.goo.gl\/KnpPswJuTNBFeqNC8<\/a> <\/p>\n\n\n\n<p><\/p>\n","protected":false},"excerpt":{"rendered":"<p>Les Cm1 ont commenc\u00e9 un projet de r\u00e9daction nomm\u00e9 \u00ab\u00a0le grand voyage\u00a0\u00bb. Il s&rsquo;agit de notre fil rouge pour cette ann\u00e9e scolaire. Les \u00e9l\u00e8ves ont eu la surprise de d\u00e9couvrir une valise cadenass\u00e9e, 9 enveloppes, une grille de mots crois\u00e9s incompl\u00e8te et une demande de mot de passe. C&rsquo;est en coop\u00e9rant qu&rsquo;ils ont r\u00e9ussi \u00e0 &hellip; <\/p>\n<p class=\"link-more\"><a href=\"https:\/\/www.ecolegabrieldeshayes.fr\/blog\/?p=6874\" class=\"more-link\">Continuer la lecture<span class=\"screen-reader-text\"> de &laquo;&nbsp;Le grand voyage des CM1&nbsp;&raquo;<\/span><\/a><\/p>\n","protected":false},"author":23,"featured_media":0,"comment_status":"closed","ping_status":"open","sticky":false,"template":"","format":"standard","meta":{"footnotes":""},"categories":[7,1],"tags":[],"class_list":["post-6874","post","type-post","status-publish","format-standard","hentry","category-cycle-3","category-non-classe"],"_links":{"self":[{"href":"https:\/\/www.ecolegabrieldeshayes.fr\/blog\/index.php?rest_route=\/wp\/v2\/posts\/6874","targetHints":{"allow":["GET"]}}],"collection":[{"href":"https:\/\/www.ecolegabrieldeshayes.fr\/blog\/index.php?rest_route=\/wp\/v2\/posts"}],"about":[{"href":"https:\/\/www.ecolegabrieldeshayes.fr\/blog\/index.php?rest_route=\/wp\/v2\/types\/post"}],"author":[{"embeddable":true,"href":"https:\/\/www.ecolegabrieldeshayes.fr\/blog\/index.php?rest_route=\/wp\/v2\/users\/23"}],"replies":[{"embeddable":true,"href":"https:\/\/www.ecolegabrieldeshayes.fr\/blog\/index.php?rest_route=%2Fwp%2Fv2%2Fcomments&post=6874"}],"version-history":[{"count":1,"href":"https:\/\/www.ecolegabrieldeshayes.fr\/blog\/index.php?rest_route=\/wp\/v2\/posts\/6874\/revisions"}],"predecessor-version":[{"id":6877,"href":"https:\/\/www.ecolegabrieldeshayes.fr\/blog\/index.php?rest_route=\/wp\/v2\/posts\/6874\/revisions\/6877"}],"wp:attachment":[{"href":"https:\/\/www.ecolegabrieldeshayes.fr\/blog\/index.php?rest_route=%2Fwp%2Fv2%2Fmedia&parent=6874"}],"wp:term":[{"taxonomy":"category","embeddable":true,"href":"https:\/\/www.ecolegabrieldeshayes.fr\/blog\/index.php?rest_route=%2Fwp%2Fv2%2Fcategories&post=6874"},{"taxonomy":"post_tag","embeddable":true,"href":"https:\/\/www.ecolegabrieldeshayes.fr\/blog\/index.php?rest_route=%2Fwp%2Fv2%2Ftags&post=6874"}],"curies":[{"name":"wp","href":"https:\/\/api.w.org\/{rel}","templated":true}]}}