{"id":6941,"date":"2024-11-12T13:26:21","date_gmt":"2024-11-12T12:26:21","guid":{"rendered":"https:\/\/www.ecolegabrieldeshayes.fr\/blog\/?p=6941"},"modified":"2024-11-12T14:20:37","modified_gmt":"2024-11-12T13:20:37","slug":"les-ps-ms-en-promenade-en-foret","status":"publish","type":"post","link":"https:\/\/www.ecolegabrieldeshayes.fr\/blog\/?p=6941","title":{"rendered":"Les PS\/MS en promenade en for\u00eat"},"content":{"rendered":"\n<p>Ce mardi 12 novembre, la m\u00e9t\u00e9o s&rsquo;est montr\u00e9e particuli\u00e8rement cl\u00e9mente  pour notre sortie en for\u00eat.<\/p>\n\n\n\n<div class=\"wp-block-columns is-layout-flex wp-container-core-columns-is-layout-9d6595d7 wp-block-columns-is-layout-flex\">\n<div class=\"wp-block-column is-layout-flow wp-block-column-is-layout-flow\" style=\"flex-basis:33.34%\">\n<figure class=\"wp-block-image size-large\"><img loading=\"lazy\" decoding=\"async\" width=\"576\" height=\"1024\" src=\"https:\/\/www.ecolegabrieldeshayes.fr\/blog\/wp-content\/uploads\/IMG_20241112_100939-576x1024.jpg\" alt=\"\" class=\"wp-image-6943\" srcset=\"https:\/\/www.ecolegabrieldeshayes.fr\/blog\/wp-content\/uploads\/IMG_20241112_100939-576x1024.jpg 576w, https:\/\/www.ecolegabrieldeshayes.fr\/blog\/wp-content\/uploads\/IMG_20241112_100939-169x300.jpg 169w, https:\/\/www.ecolegabrieldeshayes.fr\/blog\/wp-content\/uploads\/IMG_20241112_100939-768x1365.jpg 768w, https:\/\/www.ecolegabrieldeshayes.fr\/blog\/wp-content\/uploads\/IMG_20241112_100939-864x1536.jpg 864w, https:\/\/www.ecolegabrieldeshayes.fr\/blog\/wp-content\/uploads\/IMG_20241112_100939-scaled.jpg 1152w\" sizes=\"auto, (max-width: 576px) 100vw, 576px\" \/><\/figure>\n<\/div>\n\n\n\n<div class=\"wp-block-column is-layout-flow wp-block-column-is-layout-flow\" style=\"flex-basis:33.34%\">\n<figure class=\"wp-block-image size-large\"><img loading=\"lazy\" decoding=\"async\" width=\"576\" height=\"1024\" src=\"https:\/\/www.ecolegabrieldeshayes.fr\/blog\/wp-content\/uploads\/IMG_20241112_103358-576x1024.jpg\" alt=\"\" class=\"wp-image-6944\" srcset=\"https:\/\/www.ecolegabrieldeshayes.fr\/blog\/wp-content\/uploads\/IMG_20241112_103358-576x1024.jpg 576w, https:\/\/www.ecolegabrieldeshayes.fr\/blog\/wp-content\/uploads\/IMG_20241112_103358-169x300.jpg 169w, https:\/\/www.ecolegabrieldeshayes.fr\/blog\/wp-content\/uploads\/IMG_20241112_103358-768x1365.jpg 768w, https:\/\/www.ecolegabrieldeshayes.fr\/blog\/wp-content\/uploads\/IMG_20241112_103358-864x1536.jpg 864w, https:\/\/www.ecolegabrieldeshayes.fr\/blog\/wp-content\/uploads\/IMG_20241112_103358-scaled.jpg 1152w\" sizes=\"auto, (max-width: 576px) 100vw, 576px\" \/><\/figure>\n<\/div>\n\n\n\n<div class=\"wp-block-column is-layout-flow wp-block-column-is-layout-flow\" style=\"flex-basis:33.33%\">\n<figure class=\"wp-block-image size-large\"><img loading=\"lazy\" decoding=\"async\" width=\"576\" height=\"1024\" src=\"https:\/\/www.ecolegabrieldeshayes.fr\/blog\/wp-content\/uploads\/IMG-20241112-WA0005-576x1024.jpg\" alt=\"\" class=\"wp-image-6945\" srcset=\"https:\/\/www.ecolegabrieldeshayes.fr\/blog\/wp-content\/uploads\/IMG-20241112-WA0005-576x1024.jpg 576w, https:\/\/www.ecolegabrieldeshayes.fr\/blog\/wp-content\/uploads\/IMG-20241112-WA0005-169x300.jpg 169w, https:\/\/www.ecolegabrieldeshayes.fr\/blog\/wp-content\/uploads\/IMG-20241112-WA0005-768x1365.jpg 768w, https:\/\/www.ecolegabrieldeshayes.fr\/blog\/wp-content\/uploads\/IMG-20241112-WA0005-864x1536.jpg 864w, https:\/\/www.ecolegabrieldeshayes.fr\/blog\/wp-content\/uploads\/IMG-20241112-WA0005.jpg 1152w\" sizes=\"auto, (max-width: 576px) 100vw, 576px\" \/><\/figure>\n<\/div>\n<\/div>\n\n\n\n<p>Nous nous sommes rendus en car derri\u00e8re le lyc\u00e9e Benjamin Franklin. Nous avons ensuite emprunt\u00e9 un chemin qui nous a men\u00e9s  le long de la rivi\u00e8re. Nous avons march\u00e9 dans le tapis de feuilles mortes, admir\u00e9 les magnifiques couleurs de l&rsquo;automne, touch\u00e9 les \u00e9l\u00e9ments de la nature, senti l&rsquo;odeur du sous-bois et \u00e9cout\u00e9 le chant des oiseaux et le clapotis du ruisseau.<\/p>\n\n\n\n<p>Dans nos sacs, nous avons r\u00e9colt\u00e9 beaucoup de tr\u00e9sors d&rsquo;automne que nous allons exploiter en classe.<\/p>\n\n\n\n<p>C&rsquo;\u00e9tait une chouette balade !<\/p>\n\n\n\n<p>Merci aux parents et grands-parents qui nous ont accompagn\u00e9s.<\/p>\n","protected":false},"excerpt":{"rendered":"<p>Ce mardi 12 novembre, la m\u00e9t\u00e9o s&rsquo;est montr\u00e9e particuli\u00e8rement cl\u00e9mente pour notre sortie en for\u00eat. Nous nous sommes rendus en car derri\u00e8re le lyc\u00e9e Benjamin Franklin. Nous avons ensuite emprunt\u00e9 un chemin qui nous a men\u00e9s le long de la rivi\u00e8re. Nous avons march\u00e9 dans le tapis de feuilles mortes, admir\u00e9 les magnifiques couleurs de &hellip; <\/p>\n<p class=\"link-more\"><a href=\"https:\/\/www.ecolegabrieldeshayes.fr\/blog\/?p=6941\" class=\"more-link\">Continuer la lecture<span class=\"screen-reader-text\"> de &laquo;&nbsp;Les PS\/MS en promenade en for\u00eat&nbsp;&raquo;<\/span><\/a><\/p>\n","protected":false},"author":5,"featured_media":0,"comment_status":"closed","ping_status":"open","sticky":false,"template":"","format":"standard","meta":{"footnotes":""},"categories":[5,1],"tags":[],"class_list":["post-6941","post","type-post","status-publish","format-standard","hentry","category-cycle-1","category-non-classe"],"_links":{"self":[{"href":"https:\/\/www.ecolegabrieldeshayes.fr\/blog\/index.php?rest_route=\/wp\/v2\/posts\/6941","targetHints":{"allow":["GET"]}}],"collection":[{"href":"https:\/\/www.ecolegabrieldeshayes.fr\/blog\/index.php?rest_route=\/wp\/v2\/posts"}],"about":[{"href":"https:\/\/www.ecolegabrieldeshayes.fr\/blog\/index.php?rest_route=\/wp\/v2\/types\/post"}],"author":[{"embeddable":true,"href":"https:\/\/www.ecolegabrieldeshayes.fr\/blog\/index.php?rest_route=\/wp\/v2\/users\/5"}],"replies":[{"embeddable":true,"href":"https:\/\/www.ecolegabrieldeshayes.fr\/blog\/index.php?rest_route=%2Fwp%2Fv2%2Fcomments&post=6941"}],"version-history":[{"count":2,"href":"https:\/\/www.ecolegabrieldeshayes.fr\/blog\/index.php?rest_route=\/wp\/v2\/posts\/6941\/revisions"}],"predecessor-version":[{"id":6947,"href":"https:\/\/www.ecolegabrieldeshayes.fr\/blog\/index.php?rest_route=\/wp\/v2\/posts\/6941\/revisions\/6947"}],"wp:attachment":[{"href":"https:\/\/www.ecolegabrieldeshayes.fr\/blog\/index.php?rest_route=%2Fwp%2Fv2%2Fmedia&parent=6941"}],"wp:term":[{"taxonomy":"category","embeddable":true,"href":"https:\/\/www.ecolegabrieldeshayes.fr\/blog\/index.php?rest_route=%2Fwp%2Fv2%2Fcategories&post=6941"},{"taxonomy":"post_tag","embeddable":true,"href":"https:\/\/www.ecolegabrieldeshayes.fr\/blog\/index.php?rest_route=%2Fwp%2Fv2%2Ftags&post=6941"}],"curies":[{"name":"wp","href":"https:\/\/api.w.org\/{rel}","templated":true}]}}