{"id":7112,"date":"2025-03-01T09:25:17","date_gmt":"2025-03-01T08:25:17","guid":{"rendered":"https:\/\/www.ecolegabrieldeshayes.fr\/blog\/?p=7112"},"modified":"2025-03-09T15:28:07","modified_gmt":"2025-03-09T14:28:07","slug":"en-classe-de-ce2-cm1-en-periode-4","status":"publish","type":"post","link":"https:\/\/www.ecolegabrieldeshayes.fr\/blog\/?p=7112","title":{"rendered":"En classe de CE2-CM1 en p\u00e9riode 4"},"content":{"rendered":"\n<p>Ce d\u00e9but de p\u00e9riode 4 est riche pour les \u00e9l\u00e8ves de CE2-CM1.<\/p>\n\n\n\n<p>Nous profitons du retour du soleil pour faire classe dehors.<\/p>\n\n\n\n<p>Le jeudi 27 f\u00e9vrier, nous nous sommes rendus \u00e0 la Petite For\u00eat avec des \u00e9l\u00e8ves de BTS am\u00e9nagement du territoire de Kerplouz et nous avons particip\u00e9 \u00e0 plusieurs ateliers : reconna\u00eetre des feuillus et des conif\u00e8res, conna\u00eetre les parties de l&rsquo;arbre, d\u00e9couvrir l&rsquo;habitat naturel des animaux, \u00e9couter les yeux band\u00e9s les sons de la for\u00eat&#8230;<\/p>\n\n\n\n<p>Les photos : <a href=\"https:\/\/photos.app.goo.gl\/LZRYJAYYn57dud2v5\">https:\/\/photos.app.goo.gl\/LZRYJAYYn57dud2v5<\/a><\/p>\n\n\n\n<p>Pour compl\u00e9ter nos connaissances, nous avons particip\u00e9 \u00e0 un atelier \u00ab\u00a0La nature autour de mon \u00e9cole\u00a0\u00bb avec M\u00e9lanie, une animatrice de la mairie.<\/p>\n\n\n\n<p>Les photos : <a href=\"https:\/\/photos.app.goo.gl\/X8455NFkcop5vzBb7\">https:\/\/photos.app.goo.gl\/X8455NFkcop5vzBb7<\/a><\/p>\n\n\n\n<p>Puis en sciences, nous avons un projet \u00ab\u00a0de la graine \u00e0 la plante\u00a0\u00bb et nous avons observ\u00e9 une graine \u00e0 la loupe, ext\u00e9rieur et int\u00e9rieur. La semaine d&rsquo;apr\u00e8s, nous avons plant\u00e9 nos graines de haricot, ainsi que des bulbes et des graines et glands germ\u00e9s que nous avions trouv\u00e9s le matin m\u00eame lors d&rsquo;une sortie Nature.<\/p>\n\n\n\n<p>Les photos : <a href=\"https:\/\/photos.app.goo.gl\/EHrt3TMNtvaeFBLVA\">https:\/\/photos.app.goo.gl\/EHrt3TMNtvaeFBLVA<\/a><\/p>\n\n\n\n<p>Nous commen\u00e7ons aussi nos s\u00e9ances de handball avec J\u00e9r\u00f4me Courvalet du PAHB.<\/p>\n\n\n\n<p><a href=\"https:\/\/photos.app.goo.gl\/UTWQT8xMPQ2aDwsz9\">https:\/\/photos.app.goo.gl\/UTWQT8xMPQ2aDwsz9<\/a><\/p>\n\n\n\n<p>Le Carnaval est aussi pass\u00e9 par notre classe :<\/p>\n\n\n\n<p><a href=\"https:\/\/photos.app.goo.gl\/T6dbDVSuwNgpi8MD6\">https:\/\/photos.app.goo.gl\/T6dbDVSuwNgpi8MD6<\/a><\/p>\n\n\n\n<p>Enfin, nous profitons des rayons du soleil pour faire quelques cours dehors comme par exemple la lecture de notre fiche de lecture Roman.<\/p>\n","protected":false},"excerpt":{"rendered":"<p>Ce d\u00e9but de p\u00e9riode 4 est riche pour les \u00e9l\u00e8ves de CE2-CM1. Nous profitons du retour du soleil pour faire classe dehors. Le jeudi 27 f\u00e9vrier, nous nous sommes rendus \u00e0 la Petite For\u00eat avec des \u00e9l\u00e8ves de BTS am\u00e9nagement du territoire de Kerplouz et nous avons particip\u00e9 \u00e0 plusieurs ateliers : reconna\u00eetre des feuillus &hellip; <\/p>\n<p class=\"link-more\"><a href=\"https:\/\/www.ecolegabrieldeshayes.fr\/blog\/?p=7112\" class=\"more-link\">Continuer la lecture<span class=\"screen-reader-text\"> de &laquo;&nbsp;En classe de CE2-CM1 en p\u00e9riode 4&nbsp;&raquo;<\/span><\/a><\/p>\n","protected":false},"author":6,"featured_media":0,"comment_status":"closed","ping_status":"open","sticky":false,"template":"","format":"standard","meta":{"footnotes":""},"categories":[7,1],"tags":[],"class_list":["post-7112","post","type-post","status-publish","format-standard","hentry","category-cycle-3","category-non-classe"],"_links":{"self":[{"href":"https:\/\/www.ecolegabrieldeshayes.fr\/blog\/index.php?rest_route=\/wp\/v2\/posts\/7112","targetHints":{"allow":["GET"]}}],"collection":[{"href":"https:\/\/www.ecolegabrieldeshayes.fr\/blog\/index.php?rest_route=\/wp\/v2\/posts"}],"about":[{"href":"https:\/\/www.ecolegabrieldeshayes.fr\/blog\/index.php?rest_route=\/wp\/v2\/types\/post"}],"author":[{"embeddable":true,"href":"https:\/\/www.ecolegabrieldeshayes.fr\/blog\/index.php?rest_route=\/wp\/v2\/users\/6"}],"replies":[{"embeddable":true,"href":"https:\/\/www.ecolegabrieldeshayes.fr\/blog\/index.php?rest_route=%2Fwp%2Fv2%2Fcomments&post=7112"}],"version-history":[{"count":3,"href":"https:\/\/www.ecolegabrieldeshayes.fr\/blog\/index.php?rest_route=\/wp\/v2\/posts\/7112\/revisions"}],"predecessor-version":[{"id":7116,"href":"https:\/\/www.ecolegabrieldeshayes.fr\/blog\/index.php?rest_route=\/wp\/v2\/posts\/7112\/revisions\/7116"}],"wp:attachment":[{"href":"https:\/\/www.ecolegabrieldeshayes.fr\/blog\/index.php?rest_route=%2Fwp%2Fv2%2Fmedia&parent=7112"}],"wp:term":[{"taxonomy":"category","embeddable":true,"href":"https:\/\/www.ecolegabrieldeshayes.fr\/blog\/index.php?rest_route=%2Fwp%2Fv2%2Fcategories&post=7112"},{"taxonomy":"post_tag","embeddable":true,"href":"https:\/\/www.ecolegabrieldeshayes.fr\/blog\/index.php?rest_route=%2Fwp%2Fv2%2Ftags&post=7112"}],"curies":[{"name":"wp","href":"https:\/\/api.w.org\/{rel}","templated":true}]}}