{"id":7277,"date":"2025-11-30T18:47:55","date_gmt":"2025-11-30T17:47:55","guid":{"rendered":"https:\/\/www.ecolegabrieldeshayes.fr\/blog\/?p=7277"},"modified":"2025-11-30T18:48:09","modified_gmt":"2025-11-30T17:48:09","slug":"novembre-en-cp","status":"publish","type":"post","link":"https:\/\/www.ecolegabrieldeshayes.fr\/blog\/?p=7277","title":{"rendered":"Novembre en CP"},"content":{"rendered":"\n<p>Le mois de novembre s&rsquo;ach\u00e8ve et laisse de jolis souvenirs &#8230;<\/p>\n\n\n<div class=\"wp-block-image\">\n<figure class=\"aligncenter size-full is-resized\"><img loading=\"lazy\" decoding=\"async\" width=\"400\" height=\"290\" src=\"https:\/\/www.ecolegabrieldeshayes.fr\/blog\/wp-content\/uploads\/image-55.png\" alt=\"\" class=\"wp-image-7279\" style=\"width:220px;height:auto\" srcset=\"https:\/\/www.ecolegabrieldeshayes.fr\/blog\/wp-content\/uploads\/image-55.png 400w, https:\/\/www.ecolegabrieldeshayes.fr\/blog\/wp-content\/uploads\/image-55-300x218.png 300w\" sizes=\"auto, (max-width: 400px) 100vw, 400px\" \/><\/figure>\n<\/div>\n\n\n<ul class=\"wp-block-list\">\n<li>Les \u00e9l\u00e8ves de CP ont commenc\u00e9 un parcours musique  en lien avec la mairie d&rsquo;Auray :  1\u00e8re s\u00e9ance autour de la d\u00e9couverte des instruments du Monde et la fabrication d&rsquo;instruments \u00e0 partir d&rsquo;\u00e9l\u00e9ments naturels .<\/li>\n\n\n\n<li>S\u00e9curit\u00e9 routi\u00e8re : 2 s\u00e9ances de pr\u00e9vention routi\u00e8re avec Lou-Eva polici\u00e8re municipale d&rsquo;Auray . Un travail sur l&rsquo;importance du port de la ceinture sous forme de jeux mim\u00e9s et une autre s\u00e9ance sur le vocabulaire sp\u00e9cifique de la route  : chauss\u00e9e, accotement &#8230; Les \u00e9l\u00e8ves ont \u00e9galement appr\u00e9ci\u00e9  les  lotos sonores des bruits de la ville <\/li>\n\n\n\n<li>La journ\u00e9e australienne : jeudi 27 novembre <\/li>\n<\/ul>\n\n\n\n<p><a href=\"https:\/\/photos.app.goo.gl\/n7vkPhqVEafmqShA6\">Photos classe CPF <\/a><\/p>\n\n\n\n<p><\/p>\n","protected":false},"excerpt":{"rendered":"<p>Le mois de novembre s&rsquo;ach\u00e8ve et laisse de jolis souvenirs &#8230; Photos classe CPF<\/p>\n","protected":false},"author":12,"featured_media":0,"comment_status":"closed","ping_status":"open","sticky":false,"template":"","format":"standard","meta":{"footnotes":""},"categories":[6],"tags":[],"class_list":["post-7277","post","type-post","status-publish","format-standard","hentry","category-cycle-2"],"_links":{"self":[{"href":"https:\/\/www.ecolegabrieldeshayes.fr\/blog\/index.php?rest_route=\/wp\/v2\/posts\/7277","targetHints":{"allow":["GET"]}}],"collection":[{"href":"https:\/\/www.ecolegabrieldeshayes.fr\/blog\/index.php?rest_route=\/wp\/v2\/posts"}],"about":[{"href":"https:\/\/www.ecolegabrieldeshayes.fr\/blog\/index.php?rest_route=\/wp\/v2\/types\/post"}],"author":[{"embeddable":true,"href":"https:\/\/www.ecolegabrieldeshayes.fr\/blog\/index.php?rest_route=\/wp\/v2\/users\/12"}],"replies":[{"embeddable":true,"href":"https:\/\/www.ecolegabrieldeshayes.fr\/blog\/index.php?rest_route=%2Fwp%2Fv2%2Fcomments&post=7277"}],"version-history":[{"count":1,"href":"https:\/\/www.ecolegabrieldeshayes.fr\/blog\/index.php?rest_route=\/wp\/v2\/posts\/7277\/revisions"}],"predecessor-version":[{"id":7280,"href":"https:\/\/www.ecolegabrieldeshayes.fr\/blog\/index.php?rest_route=\/wp\/v2\/posts\/7277\/revisions\/7280"}],"wp:attachment":[{"href":"https:\/\/www.ecolegabrieldeshayes.fr\/blog\/index.php?rest_route=%2Fwp%2Fv2%2Fmedia&parent=7277"}],"wp:term":[{"taxonomy":"category","embeddable":true,"href":"https:\/\/www.ecolegabrieldeshayes.fr\/blog\/index.php?rest_route=%2Fwp%2Fv2%2Fcategories&post=7277"},{"taxonomy":"post_tag","embeddable":true,"href":"https:\/\/www.ecolegabrieldeshayes.fr\/blog\/index.php?rest_route=%2Fwp%2Fv2%2Ftags&post=7277"}],"curies":[{"name":"wp","href":"https:\/\/api.w.org\/{rel}","templated":true}]}}