{"id":7300,"date":"2026-03-12T18:40:24","date_gmt":"2026-03-12T17:40:24","guid":{"rendered":"https:\/\/www.ecolegabrieldeshayes.fr\/blog\/?p=7300"},"modified":"2026-03-12T18:41:06","modified_gmt":"2026-03-12T17:41:06","slug":"carnaval-jeudi-12-mars","status":"publish","type":"post","link":"https:\/\/www.ecolegabrieldeshayes.fr\/blog\/?p=7300","title":{"rendered":"Carnaval jeudi 12 mars"},"content":{"rendered":"\n<p>L \u2019\u00e9cole Gabriel Deshayes s\u2019anime chaque ann\u00e9e pour le carnaval, transformant ses cours et ses couloirs en un v\u00e9ritable d\u00e9fil\u00e9 de couleurs et de bonne humeur. Cette journ\u00e9e, tr\u00e8s attendue par les \u00e9l\u00e8ves et les enseignants, est l\u2019occasion de c\u00e9l\u00e9brer la cr\u00e9ativit\u00e9, la solidarit\u00e9 et l\u2019esprit festif qui animent l\u2019\u00e9tablissement. <\/p>\n\n\n\n<p><strong>Une \u00e9cole engag\u00e9e et festive<\/strong><br>Au-del\u00e0 de l\u2019aspect ludique, cette journ\u00e9e renforce les liens entre \u00e9l\u00e8ves, enseignants et familles. Elle s\u2019inscrit dans la dynamique p\u00e9dagogique de l\u2019\u00e9cole, qui valorise les projets collectifs et l\u2019\u00e9panouissement de chaque enfant. L\u2019\u00e9cole Gabriel Deshayes, reconnue pour son engagement contre le harc\u00e8lement et son ouverture sur le monde, prouve une fois de plus que l\u2019apprentissage peut rimer avec plaisir et cr\u00e9ativit\u00e9.<\/p>\n\n\n\n<p>En fin de journ\u00e9e, place aux  farandoles et aux danses  :  les sourires et les rires r\u00e9sonnent encore dans la cour ! <\/p>\n\n\n\n<p>Un grand merci aux parents d&rsquo;\u00e9l\u00e8ves pour les d\u00e9licieuses cr\u00eapes ! <\/p>\n\n\n\n<p> Les \u00e9l\u00e8ves repartent avec des souvenirs pleins la t\u00eate, d\u00e9j\u00e0 impatients de pr\u00e9parer le carnaval de l\u2019ann\u00e9e prochaine.<\/p>\n\n\n\n<p><a href=\"https:\/\/photos.app.goo.gl\/BfiJABSVqtNu53mc7\">Photos classe CPF <\/a><\/p>\n\n\n\n<p><\/p>\n","protected":false},"excerpt":{"rendered":"<p>L \u2019\u00e9cole Gabriel Deshayes s\u2019anime chaque ann\u00e9e pour le carnaval, transformant ses cours et ses couloirs en un v\u00e9ritable d\u00e9fil\u00e9 de couleurs et de bonne humeur. Cette journ\u00e9e, tr\u00e8s attendue par les \u00e9l\u00e8ves et les enseignants, est l\u2019occasion de c\u00e9l\u00e9brer la cr\u00e9ativit\u00e9, la solidarit\u00e9 et l\u2019esprit festif qui animent l\u2019\u00e9tablissement. Une \u00e9cole engag\u00e9e et festiveAu-del\u00e0 &hellip; <\/p>\n<p class=\"link-more\"><a href=\"https:\/\/www.ecolegabrieldeshayes.fr\/blog\/?p=7300\" class=\"more-link\">Continuer la lecture<span class=\"screen-reader-text\"> de &laquo;&nbsp;Carnaval jeudi 12 mars&nbsp;&raquo;<\/span><\/a><\/p>\n","protected":false},"author":12,"featured_media":0,"comment_status":"closed","ping_status":"open","sticky":false,"template":"","format":"standard","meta":{"footnotes":""},"categories":[5,6,7],"tags":[],"class_list":["post-7300","post","type-post","status-publish","format-standard","hentry","category-cycle-1","category-cycle-2","category-cycle-3"],"_links":{"self":[{"href":"https:\/\/www.ecolegabrieldeshayes.fr\/blog\/index.php?rest_route=\/wp\/v2\/posts\/7300","targetHints":{"allow":["GET"]}}],"collection":[{"href":"https:\/\/www.ecolegabrieldeshayes.fr\/blog\/index.php?rest_route=\/wp\/v2\/posts"}],"about":[{"href":"https:\/\/www.ecolegabrieldeshayes.fr\/blog\/index.php?rest_route=\/wp\/v2\/types\/post"}],"author":[{"embeddable":true,"href":"https:\/\/www.ecolegabrieldeshayes.fr\/blog\/index.php?rest_route=\/wp\/v2\/users\/12"}],"replies":[{"embeddable":true,"href":"https:\/\/www.ecolegabrieldeshayes.fr\/blog\/index.php?rest_route=%2Fwp%2Fv2%2Fcomments&post=7300"}],"version-history":[{"count":1,"href":"https:\/\/www.ecolegabrieldeshayes.fr\/blog\/index.php?rest_route=\/wp\/v2\/posts\/7300\/revisions"}],"predecessor-version":[{"id":7301,"href":"https:\/\/www.ecolegabrieldeshayes.fr\/blog\/index.php?rest_route=\/wp\/v2\/posts\/7300\/revisions\/7301"}],"wp:attachment":[{"href":"https:\/\/www.ecolegabrieldeshayes.fr\/blog\/index.php?rest_route=%2Fwp%2Fv2%2Fmedia&parent=7300"}],"wp:term":[{"taxonomy":"category","embeddable":true,"href":"https:\/\/www.ecolegabrieldeshayes.fr\/blog\/index.php?rest_route=%2Fwp%2Fv2%2Fcategories&post=7300"},{"taxonomy":"post_tag","embeddable":true,"href":"https:\/\/www.ecolegabrieldeshayes.fr\/blog\/index.php?rest_route=%2Fwp%2Fv2%2Ftags&post=7300"}],"curies":[{"name":"wp","href":"https:\/\/api.w.org\/{rel}","templated":true}]}}